[{"channel_id":1042354758,"post_id":17057,"date":1787691530000,"views":"87","text":"<b>Alberto N\u00fa\u00f1ez Feij\u00f3o<br><\/b><br>Prometen un mando \u00fanico en Ceuta y desatan una guerra interna en el Gobierno. <br><br>Est\u00e1 claro que nadie quiere responder por lo que han hecho. O mejor dicho, por lo que no han hecho. <br><br>\u00bfS\u00e1lvese quien pueda?<br><br><a target=\"_blank\" rel=\"noreferrer nofollow\" href=\"https:\/\/x.com\/nunezfeijoo\/status\/2092349238201971195?s=46\">https:\/\/x.com\/nunezfeijoo\/status\/2092349238201971195?s=46<\/a>","text_length":284,"media":{"root":"\/001\/oUIAAEYSIT4AAAAAIaFbyiG9N-A","photo":{"thumbs":{"m":{"w":320,"h":272,"hash":"tUohAn85kQ6zmhsvwzJDvg&ts=1788394001"},"x":{"w":800,"h":681,"hash":"SYBc42n2fpDaLTweJnCAUw&ts=1788394001"},"y":{"w":1280,"h":1090,"hash":"_yghToo35LRHmXLaW6ap-w&ts=1788394001"},"i":{"bytes":"AiACg|DUZZfMyrDZjp705A+fmYEegFLu\/ebcds0M+04xQA6kcEqQrYPrUZKMcmME+pFKrqBhVwPQUACLIGy0gI9MUU8HPYiigBn\/AC26dutJLncME\/gadt\/e7sdsUPkMCBn8KAIssO7fnRls4yfzqQM+f\/rUv7z2oASIk5zminru53YooAWiiigAooooAKKKKAP\/2Q=="}}}}},{"channel_id":1042354758,"post_id":17056,"date":1784528395000,"views":"108","text":"<a target=\"_blank\" rel=\"noreferrer nofollow\" href=\"https:\/\/www.instagram.com\/reel\/Da_r2hsIclF\/?igsh=MWduM3lnYzc3YnFraw==\">https:\/\/www.instagram.com\/reel\/Da_r2hsIclF\/?igsh=MWduM3lnYzc3YnFraw==<\/a>","text_length":69,"media":{"root":"\/011\/oEIAAEYSIT4AAAAA_DC9pSdqxCc","photo":{"thumbs":{"m":{"w":180,"h":320,"hash":"bvuZj5VvX33uQkioH5iyRw&ts=1788394001"},"x":{"w":449,"h":800,"hash":"inuKmOWYOg_WnOTLdKwPpw&ts=1788394001"},"y":{"w":719,"h":1280,"hash":"Rhoj5L0OAUazMep2_PDQqQ&ts=1788394001"},"i":{"bytes":"AoABc|CtLIJnAHrxV2FAFA61UCBUG0bipOT2qwkpjIypJ\/nWTR2cyaNFIFUZHJNFVjqJCDbESe\/PFFPlRhyzKBYKzYHU85NSysFkjEmNhHXtVQO9xMMsOMVNK+WKnkAYqmVGN3YPMkifZGCQeQeuaKuWk0flkuVBAA60U0ZtmRCSGyvWpGOF96KKR0xXu3JYlkuIxGpAA6k0UUVVjk9o0f\/Z"}}}}},{"channel_id":1042354758,"post_id":17055,"date":1784392061000,"views":"239","text":"<a target=\"_blank\" rel=\"noreferrer nofollow\" href=\"https:\/\/x.com\/nunezfeijoo\/status\/2078468533470511535?s=46\">https:\/\/x.com\/nunezfeijoo\/status\/2078468533470511535?s=46<\/a>","text_length":57,"media":{"root":"\/006\/n0IAAEYSIT4AAAAApfFPDoaq2D0","webpage":{"url":"https:\/\/x.com\/nunezfeijoo\/status\/2078468533470511535?s=46","type":"article","title":"Alberto N\u00fa\u00f1ez Feij\u00f3o (@NunezFeijoo) on X","site_name":"X (formerly Twitter)","display_url":"x.com\/nunezfeijoo\/status\/2078468533470511535?s=46","description":"Tenemos el mejor pa\u00eds del mundo. Solo necesitamos un Gobierno a su altura.","thumbs":{"m":{"w":240,"h":320,"hash":"lyGQmF8GrAxLhF36bWFHgg&ts=1788394001"},"x":{"w":600,"h":800,"hash":"R2yYfDjuO7xGZB_k-JtI7g&ts=1788394001"},"y":{"w":900,"h":1200,"hash":"4Lkrolxadyz3Wr69l8OVSg&ts=1788394001"},"i":{"bytes":"AoAB4|Co8ZHA6VNFbnb6qe2KbFGbhsnIjHoOtXExGNi54460hpXKDBo3+4eKRih6gVeDMZl7LzUU6xtGNyjdu60riYqENgIQOOuOlEokGCDntUMRKRnIwc1cBDDitYxVib2YiEqihxk45qrdhgw29D0qzIflNNUqyDNNxTFctm3jMefLDH601YwEOIsY6DmiikirC+WG4aLvjv0p628YGfL2n60UUNhY\/9k="}}}}},{"channel_id":1042354758,"post_id":17054,"date":1783503649000,"forwards":"2","views":"138","text":"S\u00cd. FEIJ\u00d3O EST\u00c1 EN CONTRA DEL ABSENTISMO FRAUDULENTO.<br><br><a target=\"_blank\" rel=\"noreferrer nofollow\" href=\"https:\/\/x.com\/ppopular\/status\/2074787765946921082?s=46\">https:\/\/x.com\/ppopular\/status\/2074787765946921082?s=46<\/a>","text_length":109,"media":{"root":"\/011\/nkIAAEYSIT4AAAAA_DC9pSdqxCc","photo":{"thumbs":{"m":{"w":256,"h":320,"hash":"pKvOKH4EhnEnzXrvyvqAvw&ts=1788394001"},"x":{"w":640,"h":800,"hash":"TMrpcYntWVE7nw9slfKWxQ&ts=1788394001"},"y":{"w":1024,"h":1280,"hash":"IuPv3yjFDkwBxZFtcgvKVA&ts=1788394001"},"i":{"bytes":"AoACA|DXLqpwc\/lSCVGOBnn\/AGTQzY7UDLDpj8aAH0U3B9B+dOGe+KAGtu7UAN\/ep1FACYP94\/pQAR3JoLKDgsB+NAYHoQaAFooooAQqPf8AOkCgEnJ\/E0UUAf\/Z"}}}}},{"channel_id":1042354758,"post_id":17053,"date":1783407455000,"views":"98","text":"<a target=\"_blank\" rel=\"noreferrer nofollow\" href=\"https:\/\/x.com\/nunezfeijoo\/status\/2074372847288582587?s=48&amp;t=Oetd0VEDVsixESODuTvIhg\">https:\/\/x.com\/nunezfeijoo\/status\/2074372847288582587?s=48&amp;t=Oetd0VEDVsixESODuTvIhg<\/a>","text_length":82,"media":{"root":"\/012\/nUIAAEYSIT4AAAAA8MqYjRXnB8A","webpage":{"url":"https:\/\/x.com\/nunezfeijoo\/status\/2074372847288582587?s=48&t=Oetd0VEDVsixESODuTvIhg","type":"article","title":"Alberto N\u00fa\u00f1ez Feij\u00f3o (@NunezFeijoo) on X","site_name":"X (formerly Twitter)","display_url":"x.com\/nunezfeijoo\/status\/2074372847288582587?s=48&t=Oetd0VEDVsixESODuTvIhg","description":"Es impropio de un presidente del Gobierno lavarse las manos tras un a\u00f1o de huelgas y m\u00e1s de 4 millones de actos m\u00e9dicos cancelados.\n\nClaro que S\u00e1nchez es responsable: es su ministra. Que la cese.\nhttps:\/\/t.co\/CZkh3ah23o","thumbs":{"m":{"w":200,"h":200,"hash":"c-ym9HePdk7hk5H3pOR5bQ&ts=1788394001"},"i":{"bytes":"AoACg|CqNu3ParaEJbhiOgrOFyNuCgziprWeSU+U2CBzRF2uOWth7XUgP3MD0pZXE9scdQRmpyflGUINV2bZNjAG\/g0lNsbgkRrkuEOOTRTmBgO7g7eeaKcbWCW5SAyDxk1PagrOmMg9DTF4HFOQlG3DqOaQjQJYHJPA71RmdjcjJ4DCrsj7rxAqZUjceetUph+\/cn+8aSjYpyuXr0K9q7qQRgciiqCuN20k7TwaKZNiM8EU4GiigRZWQi8hP+wB+YqO5G2dwfWiimBX7miiikB\/\/9k="}}}}},{"channel_id":1042354758,"post_id":17051,"date":1783067562000,"views":"67","text":"Minuto y resultado: m\u00e1s imputados que diputados.<br><br><a target=\"_blank\" rel=\"noreferrer nofollow\" href=\"http:\/\/latramapsoe.es\">latramapsoe.es<\/a><br><br><a target=\"_blank\" rel=\"noreferrer nofollow\" href=\"https:\/\/x.com\/ppopular\/status\/2072929857386762309?s=46\">https:\/\/x.com\/ppopular\/status\/2072929857386762309?s=46<\/a>","text_length":120,"media":{"root":"\/012\/m0IAAEYSIT4AAAAA8MqYjRXnB8A","photo":{"thumbs":{"m":{"w":256,"h":320,"hash":"AkMIOybantde5e7tBXcu6A&ts=1788394001"},"x":{"w":640,"h":800,"hash":"WiSZ8ezL7g5VarS8868gag&ts=1788394001"},"y":{"w":1024,"h":1280,"hash":"3w1uOBt85cvRIhkmcazm1A&ts=1788394001"},"i":{"bytes":"AoACA|CzNeSRTlPLBQEfNn6f40kOoK3+tXZ9Oajmgma+L7GaMkdO44zUZtLhXYxr9OR\/npS1LXLbUvi6iMgTJBJwMjvUxFUna0t5UUqTJ1wCTircciSpuQ5FAml0IOPtp+ds46Y9ulKCwhQJKzsehx159xTGLC9Y5QAL6DPSmoVP3n+bsAzDAx6ChFSWhUv8mUF4wp9jnNP06aQTrDn5CCcEd6gv2wynBbrwST\/Ok0ps3y4GBg9\/amR0NrykL78fN\/8AWxTDBGuWCEnGOD7Y9aKKQrsjktIZQA8DkDp83\/16IbSCGQPHCyt6ls\/1oopgf\/\/Z"}}}}},{"channel_id":1042354758,"post_id":17050,"date":1782317120000,"views":"148","text":"<b>Hoy Feij\u00f3o ha sido la voz de miles de espa\u00f1oles y le ha dicho a P. S. lo que hab\u00eda que decirle.<\/b><br><br><a target=\"_blank\" rel=\"noreferrer nofollow\" href=\"https:\/\/x.com\/nunezfeijoo\/status\/2069759099089412198?s=46\">https:\/\/x.com\/nunezfeijoo\/status\/2069759099089412198?s=46<\/a>","text_length":154,"media":{"root":"\/00b\/mkIAAEYSIT4AAAAAFZ7zN_H_YP4","photo":{"thumbs":{"m":{"w":320,"h":213,"hash":"dMh5jmfRdNWXMdG2hMILAQ&ts=1788394001"},"x":{"w":800,"h":532,"hash":"hW1p6J58oLD1k_nDSHZ-0A&ts=1788394001"},"y":{"w":1280,"h":852,"hash":"A4To3B2FPZ8LPklUkwYy5w&ts=1788394001"},"i":{"bytes":"AbACg|Cl5BVssw47etXINpuJtvTj+VUd7HHPSnLK6EkHBPWoK0NZgV2NuIXHOO9SiSKRBt6nnpzVTzN0IGeccVXhuP8ASQnOCcA0kgZrFo9mQciiqUkpjHXANFFwsZRIIxkfnShQAPm6+tRx+tTjr1P51TBEskoEAwVP481VhciUMOo5pzAFznP500gU0DRaYSSoZj88a9RRTbXiC4I\/uiiiwXP\/2Q=="}}}}},{"channel_id":1042354758,"post_id":17049,"date":1782051371000,"views":"110","text":"<a target=\"_blank\" rel=\"noreferrer nofollow\" href=\"https:\/\/www.instagram.com\/reel\/DZ1oyXrNQeI\/?igsh=NG8xZHIzZjFpbzBs\">https:\/\/www.instagram.com\/reel\/DZ1oyXrNQeI\/?igsh=NG8xZHIzZjFpbzBs<\/a>","text_length":65,"media":{"root":"\/006\/mUIAAEYSIT4AAAAApfFPDoaq2D0","photo":{"thumbs":{"m":{"w":180,"h":320,"hash":"YAsFTEgayhbpT6aunI88jA&ts=1788394001"},"x":{"w":450,"h":800,"hash":"cvg-kbcLn2ipwZf72Z4MzQ&ts=1788394001"},"y":{"w":720,"h":1280,"hash":"0tn84eLIlfbd8e2ysw1yKw&ts=1788394001"},"i":{"bytes":"AoABc|DLFWIWxUGKcDiukyeppJNgUVRDsBRQrMzcWWZFCWwjxjJ9OtVAjbuFPHWtWRxI+SMjsTSLsbOQMHoawjLc6GtitcK0sKNGpYDqRRV2MhEAUZ\/rRVRdlYHqVTcIgCEhSRzxT\/O2RI5YYzjpRRWcRskV1lKsjjjqT0oooqhH\/9k="}}}}},{"channel_id":1042354758,"post_id":17048,"date":1781974041000,"views":"141","text":"<a target=\"_blank\" rel=\"noreferrer nofollow\" href=\"https:\/\/x.com\/NunezFeijoo\/status\/2068356396274311228?s=20\">https:\/\/x.com\/NunezFeijoo\/status\/2068356396274311228?s=20<\/a>","text_length":57,"media":{"root":"\/011\/mEIAAEYSIT4AAAAA_DC9pSdqxCc","photo":{"thumbs":{"m":{"w":180,"h":320,"hash":"xYGsSxeitjR7DT-4H6FuuQ&ts=1788394001"},"x":{"w":450,"h":800,"hash":"OKfqoDqa55Ayq97F9-_8AA&ts=1788394001"},"y":{"w":720,"h":1280,"hash":"kc9-64gL9tlzMLpFwHlRlw&ts=1788394001"},"i":{"bytes":"AoABc|CkZFcgdDnr7U8REhdiNj+dQyErMG9+laStsUdhipZSVyvskVwQoPFFBlYtkDP1OKKYioA7tu45OetXp2RoCqBt+B16Cs6P76n3rohBHs+7VaE6mDulQZJyKKYYyZSgGSCRRQ7ArlgpAqArywx3qY37nsMfWiiqikKT1GPdmRcYXGfwoooquVE3Z\/\/Z"}}}}},{"channel_id":1042354758,"post_id":17047,"date":1780491044000,"views":"125","text":"<a target=\"_blank\" rel=\"noreferrer nofollow\" href=\"https:\/\/x.com\/ppopular\/status\/2062151124438667670?s=46\">https:\/\/x.com\/ppopular\/status\/2062151124438667670?s=46<\/a>","text_length":54,"media":{"root":"\/006\/l0IAAEYSIT4AAAAApfFPDoaq2D0","webpage":{"url":"https:\/\/x.com\/ppopular\/status\/2062151124438667670?s=46","type":"article","title":"Partido Popular (@ppopular) on X","site_name":"X (formerly Twitter)","display_url":"x.com\/ppopular\/status\/2062151124438667670?s=46","description":"Noticias de hoy y son solo las 14:35\u2935\ufe0f\n\n\u00b7 Interior orden\u00f3 a la UCO que no investigara la corrupci\u00f3n del Gobierno ni de la familia de S\u00e1nchez\n\u00b7 El sumario de la cloaca revela que un empresario pregunt\u00f3 a Leire D\u00edez si \u00abPedro estaba al tanto\u00bb y le respondi\u00f3: \u00abS\u00ed\u00bb\n\u00b7 El PSOE desvi\u00f3","thumbs":{"m":{"w":200,"h":200,"hash":"wicfwqIXZUU7wcRkG1gwCg&ts=1788394001"},"i":{"bytes":"AoACg|DZopkkixRl3OFFUFnvLpi0OI4+xOKaVxN2NKiqG68gO6UrLGPvbeoFPE9xKcwQgR9mc4z+FFguXKKahcqN4Abvg5FFIZW1PP2JsdMjNNkPlaUDGdpCjBHvVqSNZYyjjKnrVaa3cWBgT52HA7d6pPoS0QAyRfZnEzt5pAZWOetRq0psmuPPkDq2AM8flVu2so41jdlPmAdznBqK109fK\/fqd2fu7uKd0KzLsDl4I3bqygmingAAADAFFQWhaKKKACiiigAooooA\/9k="}}}}},{"channel_id":1042354758,"post_id":17046,"date":1780159593000,"views":"111","text":"<a target=\"_blank\" rel=\"noreferrer nofollow\" href=\"https:\/\/www.instagram.com\/reel\/DY9FQJKNsd-\/?igsh=MW9rbWxoY2Z6MnQ5dg==\">https:\/\/www.instagram.com\/reel\/DY9FQJKNsd-\/?igsh=MW9rbWxoY2Z6MnQ5dg==<\/a>","text_length":69,"media":{"root":"\/00e\/lkIAAEYSIT4AAAAA1IeUhaJPkoc","photo":{"thumbs":{"m":{"w":180,"h":320,"hash":"rUnq1-IYM2fimfguZqHAsQ&ts=1788394001"},"x":{"w":450,"h":800,"hash":"dPjiYEj4T83tusCkOp1SIg&ts=1788394001"},"y":{"w":720,"h":1280,"hash":"TE2h_ctIR5mlPQV5oGQ6jA&ts=1788394001"},"i":{"bytes":"AoABc|CKZlMqHzQNwOQowRT90EC7iHcHOeT68f596pogVVPrzVhgnkH5ct7VBY1b0qMeWW4wcnrznP60VCI3fiNC30op3FY0\/IjZNm0gdPlFLHBGIgPnJOOo5FRee6S\/Icq3ehp3DffGBV3RNmEAELMucgHvRUaxtNJvySrHkD07UVFkaXKQlTZzkH0pBPuwp+lFFURc04HUYXpRRRQkI\/\/Z"}}}}},{"channel_id":1042354758,"post_id":17045,"date":1779733497000,"views":"142","text":"La Espa\u00f1a humilde, trabajadora y honrada. <br>El pa\u00eds que se une para hacer frente a los grandes retos. <br>La naci\u00f3n que se ilusiona porque lo mejor est\u00e1 por llegar.<br><br>\u00a1Viva Espa\u00f1a! \u00a1Y viva el Rey!<br><br><a target=\"_blank\" rel=\"noreferrer nofollow\" href=\"https:\/\/x.com\/nunezfeijoo\/status\/2058969496916836583?s=46\">https:\/\/x.com\/nunezfeijoo\/status\/2058969496916836583?s=46<\/a>","text_length":250,"media":{"root":"\/00e\/lUIAAEYSIT4AAAAA1IeUhaJPkoc","photo":{"thumbs":{"m":{"w":320,"h":250,"hash":"nITnD9WwloXkKycnUiS2HA&ts=1788394001"},"x":{"w":800,"h":625,"hash":"_YJrKVNVHIji2b16XMw7Vw&ts=1788394001"},"y":{"w":1163,"h":908,"hash":"9M3F2mG-KMHx2Xf1Ug3_wA&ts=1788394001"},"i":{"bytes":"AfACg|C6sM4uGcyZj7DNT7W9\/wA\/\/r0+RtsZb0qobp\/M27Rj6mgGy1sYH738\/wDGja394fr\/AI1Va7ZQSVGB7mkW9LKGCj9aALmD0J4oqqLx8j5VxmigCzN\/qmqkR7VauhIbdxF9\/HFZ2L3J\/dr+n+NADZ5Y8MhbnHao4Zo0xEThqjeyumdmMZ5PqP8AGmmxui27Yc5z1H+NAi7zvH1opqxXjSAFAB65H+NFFwsf\/9k="}}}}},{"channel_id":1042354758,"post_id":17044,"date":1779290297000,"views":"39","text":"Sin su Consejo de Ministros, el se\u00f1or Zapatero no habr\u00eda podido delinquir.<br><br><a target=\"_blank\" rel=\"noreferrer nofollow\" href=\"https:\/\/x.com\/nunezfeijoo\/status\/2057015297681301516?s=46\">https:\/\/x.com\/nunezfeijoo\/status\/2057015297681301516?s=46<\/a>","text_length":133,"media":{"root":"\/011\/lEIAAEYSIT4AAAAA_DC9pSdqxCc","photo":{"thumbs":{"m":{"w":320,"h":311,"hash":"13tgPquVUM7vbWxsCnSyCA&ts=1788394001"},"x":{"w":800,"h":778,"hash":"vu4UzoZEUxefuPiu2UHojw&ts=1788394001"},"y":{"w":1179,"h":1147,"hash":"JlsEgaTTPLTsM-kcE8BVTg&ts=1788394001"},"i":{"bytes":"AnACg|C+i3P2h9zDy+3T8Knw\/wDeP6f4UxmAJHmKOehNGR\/z1X\/vr\/69AEu05+8T+VLUSlMcuPwalzHz8\/8A49QA4BgeXyPTFFINmeHz\/wACooAxZpSbqZeeGOOfem3DFDwCCOozUcx\/0+b2kP8AOm3UxdgSc\/hQkth3ZciAeLb\/ABHOCahjcE4cNnPPpUBm\/dKPQ\/4f4VbRmZDJnpz0FDSQ07jYyE1CNO24Yop9u4aePA6MP50UkDJH0yY3MkgaMq7E4JP+FN\/sqbdu\/ddePnP+FFFFtSRTpcxIJ8r\/AL7P+FWo7AITlsg+\/WiimBAmmOl2JFZfLDBgMnNFFFAH\/9k="}}}}},{"channel_id":1042354758,"post_id":17043,"date":1779201945000,"views":"119","text":"<a target=\"_blank\" rel=\"noreferrer nofollow\" href=\"https:\/\/x.com\/nunezfeijoo\/status\/2056713337321165041?s=48\">https:\/\/x.com\/nunezfeijoo\/status\/2056713337321165041?s=48<\/a>","text_length":57,"media":{"root":"\/013\/k0IAAEYSIT4AAAAAs-BwXVyfEEA","photo":{"thumbs":{"m":{"w":241,"h":320,"hash":"OSghrW049ngNOCzWld3woQ&ts=1788394001"},"x":{"w":603,"h":800,"hash":"A2sVTtHyS1XqgtqD7Lv8iQ&ts=1788394001"},"y":{"w":605,"h":803,"hash":"GunyBuSSBQ8irYisYVHY_w&ts=1788394001"},"i":{"bytes":"AoAB4|C+srjgJjt9z\/69L50np\/47\/wDXponTPLP+FL9ojxnMnNAC+c+OhGe5X\/69SoWJJ3Aj\/dxUH2mP1kpyXUfT5z9aAM37Qu77\/wD47SLcq5KqckeoprW5MxjBUc45NUWLQTOpGSDipVzSUUjTLlZNjYDdcVLHy2R6VRmlXzlfjGBj3q9bHcuRTTZLS6FqSJm5VIc+rCpDb25OTChP+5RRTJHfZ4CMeTHj\/dFOEaL0RR9BRRQB\/9k="}}}}},{"channel_id":1042354758,"post_id":17042,"date":1779178904000,"views":"92","text":"<a target=\"_blank\" rel=\"noreferrer nofollow\" href=\"https:\/\/x.com\/ppopular\/status\/2056634788576903321?s=20\">https:\/\/x.com\/ppopular\/status\/2056634788576903321?s=20<\/a>","text_length":54,"media":{"root":"\/00b\/kkIAAEYSIT4AAAAAFZ7zN_H_YP4","photo":{"thumbs":{"m":{"w":256,"h":320,"hash":"budOx-F0OWHiOUNq484Xdw&ts=1788394001"},"x":{"w":640,"h":800,"hash":"TsS-X9RhIgDvoUvdq_kFKg&ts=1788394001"},"y":{"w":1024,"h":1280,"hash":"w9qRcYCYWgbg6ymwDCMQNQ&ts=1788394001"},"i":{"bytes":"AoACA|C0VYFiBwW5\/Bv\/AK9Hl\/KnGdyj+YoKtliOhbn8G\/8Ar0eX8qcZ3KM\/mKg1GTzRQgB2w2W4+uRTkfzP9WcjA247Hj\/69Up42+1uSoIJJUVbjXKKUj2N\/XNO2hN9bDmBBY9i2T+Df\/XrLkvZdxVcKOB09Mf4VYupwLpoug53H8TVWZFIXYVIHJxxihIGySCWaaQszZYDIHAyO\/8AOrkEy58rzD5h6KfXNZ0WPNJcZUqf5f8A6qdcj5YnHdMH6iqIT6mlNbJKxZ0Bwxz\/AN9f\/XrI3jJ9Mmiiki5D42BcYz0P8qJz8iL6Z\/pRRTIP\/9k="}}}}}]