[{"channel_id":1042354758,"post_id":17033,"date":1777399411000,"views":"141","text":"<a target=\"_blank\" rel=\"noreferrer nofollow\" href=\"https:\/\/www.instagram.com\/p\/DXrvWDnjX6O\/\">https:\/\/www.instagram.com\/p\/DXrvWDnjX6O\/<\/a>","text_length":40,"media":{"root":"\/00b\/iUIAAEYSIT4AAAAAFZ7zN_H_YP4","photo":{"thumbs":{"m":{"w":180,"h":320,"hash":"nuGuWlvaX9enn1HHNYyRuw&ts=1777737234"},"x":{"w":450,"h":800,"hash":"cghrkM_Q26m_shNf16brOA&ts=1777737234"},"y":{"w":720,"h":1280,"hash":"7g6sWUNBbTveps0gVecAVg&ts=1777737234"},"i":{"bytes":"AoABc|CQeeH+VBt9alWN2GSMVXeUiQgBcL3NKtwxHDrnp0qreYiYqRn2ooVmZfmx6jFFMmxSf5o3b1OafHDiM\/u8cdc1XklGz5Tgd81JE5Pyrkk8HNZM2RNHOI0CkMce1FV5ZT5pQAfL8uPpRVXZDsZ5LMeTmtCNMsqmQkNHk\/rRRTQmVC2Wz60UUUDP\/9k="}}}}},{"channel_id":1042354758,"post_id":17032,"date":1777313473000,"views":"136","text":"<a target=\"_blank\" rel=\"noreferrer nofollow\" href=\"https:\/\/x.com\/ppopular\/status\/2048824497583587625?s=46\">https:\/\/x.com\/ppopular\/status\/2048824497583587625?s=46<\/a>","text_length":54,"media":{"root":"\/00e\/iEIAAEYSIT4AAAAA1IeUhaJPkoc","video":{"duration":38,"w":720,"h":1280,"is_animation":false,"is_round":false,"mime_type":"video\/mp4","size":14655632,"thumbs":{"m":{"w":180,"h":320,"hash":"zYuaWDcng-Mz5bh8bHZivA&ts=1777737234"},"i":{"bytes":"AoABY|CmgL5Ujk96Vo1Xocj1q01uhRirYxzzUIaNyUA+b+E54qiSEqABiinDqQwIIopiJXmyAF+Ue\/NVmXHU5Ge1LmnZ78fTrTsBG0hJ4JI96KUqCc9KKACiiigAJooooA\/\/2Q=="}},"streamable":true,"televisor_hash":"whuY2jXIyyU6pPXIsLvVJQ&ts=1777737234"}}},{"channel_id":1042354758,"post_id":17031,"date":1776155233000,"views":"69","text":"<a target=\"_blank\" rel=\"noreferrer nofollow\" href=\"https:\/\/x.com\/nunezfeijoo\/status\/2043636582972895524?s=46\">https:\/\/x.com\/nunezfeijoo\/status\/2043636582972895524?s=46<\/a>","text_length":57,"media":{"root":"\/001\/h0IAAEYSIT4AAAAAIaFbyiG9N-A","photo":{"thumbs":{"m":{"w":182,"h":320,"hash":"yReaGkZ3RwZM-IpYrhrnAw&ts=1777737234"},"x":{"w":454,"h":800,"hash":"nx4zL56gPPwVGDGgA4uKBA&ts=1777737234"},"y":{"w":726,"h":1280,"hash":"FJShCq2UzTcmO1HGIeROfA&ts=1777737234"},"i":{"bytes":"AoABc|DTC7c8ynJzyacCB2f8aQk5PA\/SjJ7CgB4+bswopFY5waKAEbaDyPyXNOU5HfHuMVHKfmHIH+fpSByCMvx9R\/hQBPRSKeByT7migBjglhgfzpfn\/urRRQA4ZxyMUUUUAf\/Z"}}}}},{"channel_id":1042354758,"post_id":17030,"date":1775742530000,"forwards":"1","views":"67","text":"<a target=\"_blank\" rel=\"noreferrer nofollow\" href=\"https:\/\/x.com\/ppopular\/status\/2042230282309247304?s=46\">https:\/\/x.com\/ppopular\/status\/2042230282309247304?s=46<\/a>","text_length":54,"media":{"root":"\/00e\/hkIAAEYSIT4AAAAA1IeUhaJPkoc","webpage":{"url":"https:\/\/x.com\/ppopular\/status\/2042230282309247304?s=46","type":"article","title":"Partido Popular (@ppopular) on X","site_name":"X (formerly Twitter)","display_url":"x.com\/ppopular\/status\/2042230282309247304?s=46","description":"Lo que te cruje son los impuestos de Pedro S\u00e1nchez, y ya van m\u00e1s de 100 subidas.\n\nPagar menos y vivir mejor.","thumbs":{"m":{"w":320,"h":180,"hash":"mvMLmbwbb45ZPTKJaEKrvg&ts=1777737234"},"x":{"w":800,"h":450,"hash":"6-MlF9SfpzxA8Hr8xXBLfg&ts=1777737234"},"y":{"w":1280,"h":720,"hash":"QHC5hdOdyrtSwQWRvGpaOg&ts=1777737234"},"w":{"w":1920,"h":1080,"hash":"UBMYAeKW7AvN0Kk7OLTRig&ts=1777737234"},"i":{"bytes":"AXACg|CiX8wbQD7+1SqoCgCoF4JPrTklL9iB65osNMc2M84\/GmsR3yf0FSxYMvyoNoHU96iaTfKeByfpSHcZk9QAPfqaKWRlXoAeOmc0Uh3HAgHLd6EVSQSSfQGiitDESSfjA4HpUKkZGcD60UVLLQMMnt07UUUUhn\/\/2Q=="}}}}},{"channel_id":1042354758,"post_id":17029,"date":1772704649000,"forwards":"5","views":"550","text":"<a target=\"_blank\" rel=\"noreferrer nofollow\" href=\"https:\/\/x.com\/ppopular\/status\/2029495357911019769?s=46\">https:\/\/x.com\/ppopular\/status\/2029495357911019769?s=46<\/a>","text_length":54,"media":{"root":"\/00b\/hUIAAEYSIT4AAAAAFZ7zN_H_YP4","video":{"duration":3,"w":960,"h":1280,"is_animation":false,"is_round":false,"mime_type":"video\/mp4","size":1492297,"thumbs":{"m":{"w":240,"h":320,"hash":"1CxpL6X4a9tmFP15WAb3OQ&ts=1777737234"},"i":{"bytes":"AoAB4|CBjks3v9KcXwuBjI4zULMCcLVmWMFkYcZ4zUt6lJEQOHy3en+YoXJAJqKRW8zaB2zTOhwD9abEXLqGFbMvGrEkDnOcVFBMBAA5AwcCnxu6RBTDuG3HWoUt90zeYm1T05oaTKTsDyZIbI2g7c5qKRmEaMMAHj8f84qfb5UyqhC4Oc0xyjoqsDlcnI96fQnqaFtKJYgSAPWmzkgBh+VFFAAyLIMxqB6EtUCWiyZLSYYHnpRRVWEj\/9k="}},"streamable":true,"televisor_hash":"DtLhq4s3m7osijBZ0Bd-Mw&ts=1777737234"}}},{"channel_id":1042354758,"post_id":17028,"date":1772523556000,"views":"588","text":"<a target=\"_blank\" rel=\"noreferrer nofollow\" href=\"https:\/\/x.com\/nunezfeijoo\/status\/2028727057765585030?s=48&amp;t=Oetd0VEDVsixESODuTvIhg\">https:\/\/x.com\/nunezfeijoo\/status\/2028727057765585030?s=48&amp;t=Oetd0VEDVsixESODuTvIhg<\/a>","text_length":82,"media":{"root":"\/001\/hEIAAEYSIT4AAAAAIaFbyiG9N-A","photo":{"thumbs":{"m":{"w":320,"h":213,"hash":"16s1yat6uFL9Uf8Gf8HFtQ&ts=1777737234"},"x":{"w":800,"h":533,"hash":"Vzh6xoYFM7bFhhDYagMwnA&ts=1777737234"},"y":{"w":1280,"h":853,"hash":"Id9YbpUf6m8OjDD2tmdboA&ts=1777737234"},"i":{"bytes":"AbACg|BkVwigDaflyB\/n8ql3hEXcp2kYyO\/GKoIMj0qzJvFup6jbn8jiqkuwlbqS+bGPkyTkDA\/CpFcAICPu1UBScGbOCoy3+FSrIrCktQehPvBDZHJAoqMGimIzvM2lalluA1uoHYMPzqBQDIufSmzDB4pthYkikKwsvYkE00Od4YdaaP8AV0g7fWgC8Jm4AUk+goqtISHODRTsI\/\/Z"}}}}},{"channel_id":1042354758,"post_id":17027,"date":1772099762000,"forwards":"2","views":"255","text":"<a target=\"_blank\" rel=\"noreferrer nofollow\" href=\"https:\/\/x.com\/NunezFeijoo\/status\/2026957837608325187?s=20\">https:\/\/x.com\/NunezFeijoo\/status\/2026957837608325187?s=20<\/a>","text_length":57,"media":{"root":"\/002\/g0IAAEYSIT4AAAAAtkNQ7xbbqgM","photo":{"thumbs":{"m":{"w":320,"h":296,"hash":"tD4Tka3NkcfvlIjAz7KCdg&ts=1777737234"},"x":{"w":800,"h":739,"hash":"bnYR4ancCH0kD0YTLaK4hg&ts=1777737234"},"y":{"w":1170,"h":1081,"hash":"XuyVq9pTUb_p4wcLXI8vrg&ts=1777737234"},"i":{"bytes":"AlACg|DSe423Kw+WxyPvVJ5jY\/1bUjuVOM\/5\/Ok8w5+8PyH+NADwzHqhH4inHgdM1F5h9f5f40GQ\/wB4fp\/jQA8MSSNpHuaKRGznnNFAAwGec\/hRhfVvypHGT0z\/AJ+lNI\/2e3p\/9agB3y+rflS5Uccn8KZt4+5+g\/wpQmR9wfp\/hQBICD0\/lRSKCOoxRQA6iiigAooooAKKKKAP\/9k="}}}}},{"channel_id":1042354758,"post_id":17026,"date":1772098841000,"forwards":"1","views":"265","text":"<a target=\"_blank\" rel=\"noreferrer nofollow\" href=\"https:\/\/www.instagram.com\/reel\/DVL05EUDYnD\/?igsh=MXI4MzBlbjltNmFudg==\">https:\/\/www.instagram.com\/reel\/DVL05EUDYnD\/?igsh=MXI4MzBlbjltNmFudg==<\/a>","text_length":69,"media":{"root":"\/012\/gkIAAEYSIT4AAAAA8MqYjRXnB8A","photo":{"thumbs":{"m":{"w":180,"h":320,"hash":"40sYVUgI_iKKeYjZRjoo1g&ts=1777737234"},"x":{"w":450,"h":800,"hash":"L9yJBaAvapcxORcaVo0nvQ&ts=1777737234"},"y":{"w":720,"h":1280,"hash":"R4PFNLF-XsIq3wU1Jlr9aw&ts=1777737234"},"i":{"bytes":"AoABc|Cgq4YIGGCfSrFxAiJgIcj+InrTEhlfDopwD196sTLLsP7snAycCqelhKzvcoGM7c9qKlljdUG5cA9M0U3HsJS7hFP5YwCOSG5\/H\/GrEs8gCkqpCjKkA\/LVHbhgSeCM0wyPjAY46VDRqpLsTyzeYvYZO44zyaKr7ietFNEt3eyJySVVdgwowKZ5ef4P1ooqLlWQ1kCjlcfjRRRTTCx\/\/9k="}}}}},{"channel_id":1042354758,"post_id":17025,"date":1771841105000,"views":"140","text":"<a target=\"_blank\" rel=\"noreferrer nofollow\" href=\"https:\/\/www.instagram.com\/reel\/DVGD3aYDeCB\/?igsh=NjB3NTczM3RkOXIy\">https:\/\/www.instagram.com\/reel\/DVGD3aYDeCB\/?igsh=NjB3NTczM3RkOXIy<\/a>","text_length":65,"media":{"root":"\/00b\/gUIAAEYSIT4AAAAAFZ7zN_H_YP4","photo":{"thumbs":{"m":{"w":180,"h":320,"hash":"HnKWtmZtMAkgkdnd5OcmDA&ts=1777737234"},"x":{"w":450,"h":800,"hash":"9Yi0664OxcK9LmhNID7UMQ&ts=1777737234"},"y":{"w":720,"h":1280,"hash":"xh46C-LUMolNkNcqmM3Kgg&ts=1777737234"},"i":{"bytes":"AoABc|Ca6ysQAPJOKrxpMOd361LdyBpERQWKn5hjoKWLBYdeKllpXEbymADXIVh1FFUbgSI5aSIgE9RyKKojQ0Hds\/dqNXKv2q0CMVVBH25j7YrS67EWfcmjlJbnFFKxAFFJtPoNJrqVt5Lsc9BVdZQLo96KKlMposBi\/AAz6Zooop3Cx\/\/Z"}}}}},{"channel_id":1042354758,"post_id":17024,"date":1771837184000,"forwards":"1","views":"104","text":"<a target=\"_blank\" rel=\"noreferrer nofollow\" href=\"https:\/\/x.com\/nunezfeijoo\/status\/2025855505545982062?s=46\">https:\/\/x.com\/nunezfeijoo\/status\/2025855505545982062?s=46<\/a>","text_length":57,"media":{"root":"\/00b\/gEIAAEYSIT4AAAAAFZ7zN_H_YP4","webpage":{"url":"https:\/\/x.com\/nunezfeijoo\/status\/2025855505545982062?s=46","type":"article","title":"Alberto N\u00fa\u00f1ez Feij\u00f3o (@NunezFeijoo) on X","site_name":"X (formerly Twitter)","display_url":"x.com\/nunezfeijoo\/status\/2025855505545982062?s=46","description":"Queremos \u2014y necesitamos\u2014 que Espa\u00f1a siga siendo parte activa de Occidente.\n\nEl orden surgido tras la Guerra Fr\u00eda se ha agotado y el nuevo siglo exige claridad, firmeza y ambici\u00f3n.\n\nEspa\u00f1a debe decidir si quiere influir en el nuevo tiempo o limitarse a aceptarlo.\n\nMi Tercera en","thumbs":{"m":{"w":269,"h":320,"hash":"HSLJhW_FJyQJXo_fsKaH_Q&ts=1777737234"},"x":{"w":673,"h":800,"hash":"OhbpbJdeAhFMoL-4PuC4Wg&ts=1777737234"},"y":{"w":744,"h":884,"hash":"6c_bonI6whxcB0cxpIweWg&ts=1777737234"},"i":{"bytes":"AoACI|DZzUbgnGGIx6Ujn5vug\/hQvJ+6PyoASJGU\/M5OPX\/9dTZFRN8oGVXJ9qAwz0H5UAS0UUUAQyH5zSxn5qST754pY87vu4oAWXjFMB5FPl7cZpgPI+WgCeiiigCJ1JY4FCKwbJFFFADpQTjAzTAjZ+7+tFFAE1FFFAH\/2Q=="}}}}},{"channel_id":1042354758,"post_id":17023,"date":1771431696000,"views":"109","text":"<a target=\"_blank\" rel=\"noreferrer nofollow\" href=\"https:\/\/x.com\/nunezfeijoo\/status\/2024057004193464808?s=46\">https:\/\/x.com\/nunezfeijoo\/status\/2024057004193464808?s=46<\/a>","text_length":57,"media":{"root":"\/006\/f0IAAEYSIT4AAAAApfFPDoaq2D0","webpage":{"url":"https:\/\/x.com\/nunezfeijoo\/status\/2024057004193464808?s=46","type":"article","title":"Alberto N\u00fa\u00f1ez Feij\u00f3o (@NunezFeijoo) on X","site_name":"X (formerly Twitter)","display_url":"x.com\/nunezfeijoo\/status\/2024057004193464808?s=46","description":"El gran argumento del Gobierno para justificar que un presunto violador estuviera al frente de la Polic\u00eda Nacional es que se enteraron ayer. Ayer, con una querella presentada el 9 de enero, hace m\u00e1s de un mes, y sobre una agresi\u00f3n del 23 de abril del a\u00f1o pasado.\n\nM\u00e1s all\u00e1 de que","thumbs":{"m":{"w":200,"h":200,"hash":"kjEMWgllgb01W9LrRSjzyA&ts=1777737234"},"i":{"bytes":"AoACg|CqNu3ParaEJbhiOgrOFyNuCgziprWeSU+U2CBzRF2uOWth7XUgP3MD0pZXE9scdQRmpyflGUINV2bZNjAG\/g0lNsbgkRrkuEOOTRTmBgO7g7eeaKcbWCW5SAyDxk1PagrOmMg9DTF4HFOQlG3DqOaQjQJYHJPA71RmdjcjJ4DCrsj7rxAqZUjceetUph+\/cn+8aSjYpyuXr0K9q7qQRgciiqCuN20k7TwaKZNiM8EU4GiigRZWQi8hP+wB+YqO5G2dwfWiimBX7miiikB\/\/9k="}}}}},{"channel_id":1042354758,"post_id":17022,"date":1770997933000,"views":"109","text":"\ud83d\udd35<b> Feij\u00f3o emplaza a otros a sumarse a su proyecto de gobernar para la gente y avisa de que el cambio que propone \u201cno ser\u00e1 un sanchismo de derechas\u201d.<br><\/b><br>Un mensaje para los del discurso del miedo: no cuela.<br><br><a target=\"_blank\" rel=\"noreferrer nofollow\" href=\"https:\/\/x.com\/NunezFeijoo\/status\/2022299823731315181?s=20\">https:\/\/x.com\/NunezFeijoo\/status\/2022299823731315181?s=20<\/a><br><br>Vamos a revertir cada atropello y cada irresponsabilidad del sanchismo.<br><br><a target=\"_blank\" rel=\"noreferrer nofollow\" href=\"https:\/\/x.com\/NunezFeijoo\/status\/2022308317532418201?s=20\">https:\/\/x.com\/NunezFeijoo\/status\/2022308317532418201?s=20<\/a><br><br>El sanchismo no tiene remedio, pero Espa\u00f1a s\u00ed.<br><br><a target=\"_blank\" rel=\"noreferrer nofollow\" href=\"https:\/\/x.com\/NunezFeijoo\/status\/2022309776626003972?s=20\">https:\/\/x.com\/NunezFeijoo\/status\/2022309776626003972?s=20<\/a>","text_length":501,"media":{"root":"\/012\/fkIAAEYSIT4AAAAA8MqYjRXnB8A","photo":{"thumbs":{"m":{"w":320,"h":213,"hash":"lX8RjTCKA5Rj0HipINEgZQ&ts=1777737234"},"x":{"w":800,"h":533,"hash":"LSxIQ3AuinV0bSIZ3j5o7w&ts=1777737234"},"y":{"w":1280,"h":853,"hash":"kPyBh6ATfLRgc3OmGxpW1Q&ts=1777737234"},"i":{"bytes":"AbACg|CFbXAGW6jPSlaHaQOtSC4GyMD0FKZN2CSOBW6qJMlXIDHUbR8VYkLIfnBGfamydMBl5496r2sSjPlGGoqaaCTd0ycdO\/SiueTTd0BZlcvcblQLkcgnpRNGXfC8Y7n61XDEFuf85psnDADpx\/Ki4WLEm6Ry5lDLzjNNEcgP+sXcORVdGIjJBpzdM9+aLhZkszyfaN64BA\/pRVQk560UgP\/Z"}}}}},{"channel_id":1042354758,"post_id":17021,"date":1770753781000,"views":"124","text":"<a target=\"_blank\" rel=\"noreferrer nofollow\" href=\"https:\/\/www.instagram.com\/reel\/DUlwoYPDeUo\/?igsh=MWtzeGNmMHAybHVsZg==\">https:\/\/www.instagram.com\/reel\/DUlwoYPDeUo\/?igsh=MWtzeGNmMHAybHVsZg==<\/a>","text_length":69,"media":{"root":"\/00d\/fUIAAEYSIT4AAAAAZYLGN23xrl8","webpage":{"url":"https:\/\/www.instagram.com\/reel\/DUlwoYPDeUo?igsh=MWtzeGNmMHAybHVsZg","type":"photo","title":"@partidopopular","site_name":"Instagram","display_url":"instagram.com\/reel\/DUlwoYPDeUo\/?igsh=MWtzeGNmMHAybHVsZg==","description":"#PuenteDimisi\u00f3n","thumbs":{"m":{"w":180,"h":320,"hash":"ifNayzX1IyD07MgAmhFkRA&ts=1777737234"},"x":{"w":450,"h":800,"hash":"golg2edyQaYT1mtdKebsyQ&ts=1777737234"},"y":{"w":640,"h":1138,"hash":"bxa3jS9KKW-munjKxiJn7g&ts=1777737234"},"i":{"bytes":"AoABc|AhjLRp\/o6EY4PQk+9LIUR8GOANnpkfl0rO3t2Y\/nVq3Rdm4xbm659ag6XdElxEdodVUKABx3\/zmioOVZh0GeKKhs6oJpFYnFSwyFSoJI9MVCOlTR+W0kAcZHQ8\/lWvKjz3UbHZOSD1opk\/ErY\/vGis3A64V9NSDOGpyH94vsaKK2OEJG3MT70UUUmUtj\/\/2Q=="}}}}},{"channel_id":1042354758,"post_id":17020,"date":1770651897000,"views":"142","text":"\ud83d\udd35<b> Feij\u00f3o dice que los ciudadanos no quieren m\u00e1s S\u00e1nchez tras el \u201cvapuleo\u201d del PP en Arag\u00f3n: \u201cLa gente no le soporta ni a \u00e9l ni a su Gobierno\u201d<br><\/b><br>La gente est\u00e1 esperando una alternativa y mi compromiso es no frustrarla.<br><br>Un mensaje a Vox resumido en una palabra: responsabilidad.<br><a target=\"_blank\" rel=\"noreferrer nofollow\" href=\"https:\/\/x.com\/NunezFeijoo\/status\/2020860960294969530?s=20\">https:\/\/x.com\/NunezFeijoo\/status\/2020860960294969530?s=20<\/a><br><br>Estas son mis tres lecturas de los resultados de ayer en Arag\u00f3n.<br><br>La conclusi\u00f3n es una: cualquier partido firmar\u00eda un resultado como el nuestro.<br><a target=\"_blank\" rel=\"noreferrer nofollow\" href=\"https:\/\/x.com\/NunezFeijoo\/status\/2020862253847785831?s=20\">https:\/\/x.com\/NunezFeijoo\/status\/2020862253847785831?s=20<\/a><br><br>Espa\u00f1a lo tiene claro: no m\u00e1s Pedro S\u00e1nchez. <br><br>Lo que \u00e9l resiste, el pueblo ya no se lo aguanta.<br><a target=\"_blank\" rel=\"noreferrer nofollow\" href=\"https:\/\/x.com\/NunezFeijoo\/status\/2020870462373302715?s=20\">https:\/\/x.com\/NunezFeijoo\/status\/2020870462373302715?s=20<\/a><br><br>Aqu\u00ed se convence, no se impone.<br><a target=\"_blank\" rel=\"noreferrer nofollow\" href=\"https:\/\/www.instagram.com\/reel\/DUiqCu2CJt7\/?utm_source=ig_web_copy_link&amp;igsh=MzRlODBiNWFlZA==\">https:\/\/www.instagram.com\/reel\/DUiqCu2CJt7\/?utm_source=ig_web_copy_link&amp;igsh=MzRlODBiNWFlZA==<\/a>","text_length":822,"media":{"root":"\/001\/fEIAAEYSIT4AAAAAIaFbyiG9N-A","photo":{"thumbs":{"m":{"w":320,"h":186,"hash":"YJ10bWaTTE1M8oq75Ix7kA&ts=1777737234"},"x":{"w":800,"h":466,"hash":"5_mAJ231Yqo-69MoTCqQ_w&ts=1777737234"},"y":{"w":1280,"h":745,"hash":"wjMJV-AvsKxQuJD9cU3K9Q&ts=1777737234"},"i":{"bytes":"AXACg|CoYI23FmII659acltCZ9h3EfXrxTJIbh5CfLcg+2KjLywyZbIbHencViwIbcbiSWOCcelNWK3kPDOPqR\/hUUmUjjcMcyA5\/Opo4S9sjxqS3IOKLgM8iAsVQyFuMZ6UVYlhcqpjjOe570Umxoteb2yaztQw0wI9DRRQAsyfuYFA7VYtJSlsgC5GPWiigCyJMrxxRRRQB\/\/Z"}}}}},{"channel_id":1042354758,"post_id":17019,"date":1770368085000,"views":"158","text":"<a target=\"_blank\" rel=\"noreferrer nofollow\" href=\"https:\/\/x.com\/ppopular\/status\/2019691530982740366?s=46\">https:\/\/x.com\/ppopular\/status\/2019691530982740366?s=46<\/a>","text_length":54,"media":{"root":"\/003\/e0IAAEYSIT4AAAAAwSZymVdo-UE","webpage":{"url":"https:\/\/x.com\/ppopular\/status\/2019691530982740366?s=46","type":"article","title":"Partido Popular (@ppopular) on X","site_name":"X (formerly Twitter)","display_url":"x.com\/ppopular\/status\/2019691530982740366?s=46","description":"5 de julio: se hacen p\u00fablicas las acusaciones de acoso sexual contra Paco Salazar.\n\n3 de noviembre: Pilar Alegr\u00eda y \u00e9l comen juntos.\n\n5 de febrero: Salazar asegura que lleva 8 meses sin colaborar con el PSOE.\n\n6 de febrero: ABC confirma que trabaja en secreto en la campa\u00f1a de","thumbs":{"m":{"w":320,"h":180,"hash":"xuVfVokAPeDD_nwrgzPANg&ts=1777737234"},"x":{"w":800,"h":450,"hash":"MRHX3QbMQKcFyjqqUnJGtQ&ts=1777737234"},"y":{"w":1280,"h":720,"hash":"5rF75pn6-SY8yHeDr3vhVw&ts=1777737234"},"w":{"w":1920,"h":1080,"hash":"mlzi52yezF98VGvtoZaR7A&ts=1777737234"},"i":{"bytes":"AXACg|Cu8R2RkchhzjtSRx+ZKqZIIPApr3bOQC3H0ApZ5fs8+6FvmGCD9RSGacs\/9nqiBTJnvnHTFRtfFl3jIz2z0qrcXLSwwyHBJ3Zz+FNhIeQZ79MdKYrGjHfB2RNhyevPSioigW9XnLH2opajsikZLbzebcsgGPvYJ96sulk6cZQkcDbkj8TRRQBWlVEihQMcFnwSPpTlUpEzqRkAdveiikyktGWbWT7RNvJXII6CiiimyT\/\/2Q=="}}}}}]