[{"channel_id":1103848749,"post_id":14777,"date":1788298226000,"forwards":"142","views":"49.2K","comments":"92","media":{"root":"\/001\/uTkAAC1ly0EAAAAA9aH1Dv6VkJA","video":{"duration":105,"w":464,"h":848,"is_animation":false,"is_round":false,"mime_type":"video\/mp4","size":87991820,"thumbs":{"m":{"w":180,"h":320,"hash":"kNVDEzCSeHLd9O8M6TOYJA&ts=1788386363"},"i":{"bytes":"AoABY|BfNjPfH1FTIMKTVdkUYJ6baU3RP3IWMf8AeqGikygh+8fVjRTYx8vNFMRqX6gbQmMngj0FIu8IUJ69MVBcCV7khUJAHXtUZkG4Fydw689KGOJYitQ5b2PNFEEzxq2eCxzRSEW3GBVYqrNgLlvXHSiiqEmNcFQBRRRQB\/\/Z"}},"streamable":true,"televisor_hash":null}}},{"channel_id":1103848749,"post_id":14776,"date":1788287437000,"forwards":"139","views":"64.0K","comments":"144","text":"<img class='tg-emoji' loading='lazy' src='https:\/\/televisor.tlgrm.dev\/emoji\/5411225014148014586\/thumb.webp?hash=JKxMA6lGBsVAJbYYwlrAMA&ts=1788386363' alt='\ud83d\udd34'> <b>Grupos radicales de ultra-izquierda con antecedentes por agresi\u00f3n, atentados contra las autoridades y otros delitos llaman al ataque contra Alvise P\u00e9rez, Abascal y otras formaciones pol\u00edticas en las protestas pro-Ceuta en Catalu\u00f1a.<\/b>","text_length":234,"media":{"root":"\/00d\/uDkAAC1ly0EAAAAAI5n-Z8yYNyc","photo":{"thumbs":{"m":{"w":242,"h":320,"hash":"1J6Y-L3B4sE7YZF_R9OZSw&ts=1788386363"},"x":{"w":606,"h":800,"hash":"oiBTwfbMpcxC8ZfPx67Yhw&ts=1788386363"},"y":{"w":970,"h":1280,"hash":"_Y1qpZ1PulzLUr1wyD4F6g&ts=1788386363"},"i":{"bytes":"AoAB4|Cjb26yqM7s57Y\/rVhbUFsDcencf41HEzxR99pPrU4kmjlKR\/ex2P8An1NIqxH9kLHADH8V\/wAarzw+VJsII4z83\/1qtG5lCB+cE44P\/wBaoJi7vvfjIGPpQFiI73YDptUnBqzGsktxlckH+X409IIGAaQZb\/fxUgjjUbQ20dOH\/wA+tFwcWUyHCNCcbyw2j3piu2wLycEir3lQkjdgkdCHxUMkUceBH0PPBzQ2NRdy5FZzKSXjPtginfZpixBTC54Py0UUWDmYfZZ9+Nvy5znC1E1jcbjhD9ciiiiw+dn\/2Q=="}}}}},{"channel_id":1103848749,"post_id":14775,"date":1788286045000,"forwards":"200","views":"66.6K","comments":"170","text":"<b><img class='tg-emoji' loading='lazy' src='https:\/\/televisor.tlgrm.dev\/emoji\/5215305227627931680\/thumb.webp?hash=NmE41UAH2fJXZclw6m30cw&ts=1788386363' alt='\u26a0\ufe0f'><\/b><b> \u00daLTIMAHORA|<\/b><br><b>La Delegaci\u00f3n de Gobierno de Madrid proh\u00edbe la concentraci\u00f3n en Cibeles en apoyo a Ceuta<\/b>:<br><br>La protesta, apoyada y secundada por todos los partidos de la oposici\u00f3n, SALF incluida, queda por tanto en la ilegalidad, y ni PP ni Abascal se han pronunciado. Alvise P\u00e9rez ha insistido en ir a las protestas por toda Espa\u00f1a &#039;la proh\u00edba ilegalmente o no este Gobierno criminal&#039;","text_length":383},{"channel_id":1103848749,"post_id":14774,"date":1788277451000,"forwards":"123","views":"69.9K","comments":"43","media":{"root":"\/013\/tjkAAC1ly0EAAAAArSnHwvcfrIc.Rx4AAEICuVDrQVa6UPlweQQ.AkHLZS0AADm2apb3OeeYES8Ok2zIGTjdxPc6cf0","video":{"duration":53,"w":464,"h":848,"is_animation":false,"is_round":false,"mime_type":"video\/mp4","size":20242794,"thumbs":{"m":{"w":180,"h":320,"hash":"uxR0EepOoK9kY2htaWOF3Q&ts=1788386363"},"i":{"bytes":"AoABY|CraXsUBy6uxHTFW\/7ah\/55P+lQW1laSp80jBwem4f4VMdMs1XcZGx67xRcCOfVY5QMI4x9KKR7SwTADyOf9lh\/hRQBFvAzyQT0CinLJ5hydx29qrblC5zl+lPgy4Y+9CigbJUIhzgNk9w2KKcLWTO7eFJ7Hmiq5SblNYXYZxge9TRq0amiir5VYz53ckWTPVwT9aKKKLjsf\/\/Z"}},"streamable":true,"televisor_hash":"yAQsanR4fD316shh3SrRbA&ts=1788386363"}}},{"channel_id":1103848749,"post_id":14773,"date":1788193151000,"forwards":"272","views":"89.2K","comments":"158","media":{"root":null,"audio":{"duration":156,"is_voice":true,"waveform":[23,27,11,11,11,26,11,24,11,17,10,27,3,26,16,1,3,26,4,27,3,26,8,0,3,0],"mime_type":"audio\/ogg","size":626125}}},{"channel_id":1103848749,"post_id":14772,"date":1788192465000,"forwards":"214","views":"97.6K","comments":"102","text":"A Ceuta le sobra todo ilegal y enemigo de Espa\u00f1a, que para eso los espa\u00f1oles gastamos casi 100.000 millones al a\u00f1o en nuestra ciudad para darles super\u00e1vit y mantener la ventaja estrat\u00e9gica en el estrecho de Gibraltar.\n\nNo odiamos lo suficiente a los periodistas de este pa\u00eds.","text_length":275,"media":{"root":"\/00d\/tDkAAC1ly0EAAAAAI5n-Z8yYNyc","video":{"duration":118,"w":464,"h":848,"is_animation":false,"is_round":false,"mime_type":"video\/mp4","size":98704723,"thumbs":{"m":{"w":178,"h":320,"hash":"q_r1AKNQ6Km4hinkr1dNLQ&ts=1788386363"},"i":{"bytes":"AoABY|BmDnoaMVO10cZVTn3pGnDqCflPcV0qb7HNyLuQFSegNFS7weRn8qKPaPsPkBZJNsh3EkcgVIg3IGdwCeoJqC3idCPNLEdtoqZli4JWUL3yKxsa3HFV7SJ\/31RUZW0PZ\/zop8rJ5kMNxF\/ffrSG4jIILuaKKvlQrsb5luMcsfWiiigLI\/\/Z"}},"streamable":true,"televisor_hash":null}}},{"channel_id":1103848749,"post_id":14771,"date":1788181188000,"forwards":"157","views":"88.2K","comments":"62","text":"<a target=\"_blank\" rel=\"noreferrer nofollow\" href=\"https:\/\/eldistrito.es\/alvise-denuncia-los-tribunales-una-presunta-red-trata-y-explotacion-sexual-ninas-ceuta\/\">https:\/\/eldistrito.es\/alvise-denuncia-los-tribunales-una-presunta-red-trata-y-explotacion-sexual-ninas-ceuta\/<\/a>","text_length":109,"media":{"root":"\/002\/szkAAC1ly0EAAAAA5XLGyl9CcMI","photo":{"thumbs":{"m":{"w":184,"h":320,"hash":"saeWz0OZDi-OMHfwKIaP8Q&ts=1788386363"},"x":{"w":460,"h":800,"hash":"GEs4btb3HaDeSbzihSFPOg&ts=1788386363"},"y":{"w":736,"h":1280,"hash":"xsqZx7dXLcQSyU7a5RUPyg&ts=1788386363"},"i":{"bytes":"AoABc|DQlk+Yrg47jg5\/WosR\/wBxT\/wEf41dYAjBzg+lR7I8fxfmaAGxPvOCCeM9f\/r0VOOnFFAELsd5AZR+NJub+8v\/AH1VSaZBM4bqD6UgkQ9KqyJuy9GSW5YH6Giq1q6tKMUUmNNjpLGCSRnYvkmgadB2L\/jRRSGSRWkcL7lLZ9zRRRQB\/9k="}}}}},{"channel_id":1103848749,"post_id":14770,"date":1788120461000,"forwards":"175","views":"93.0K","comments":"57","text":"<a target=\"_blank\" rel=\"noreferrer nofollow\" href=\"https:\/\/eldistrito.es\/alvise-lleva-a-los-tribunales-el-presunto-acopio-de-material-para-fabricar-explosivos-en-ceuta\/#google_vignette\">https:\/\/eldistrito.es\/alvise-lleva-a-los-tribunales-el-presunto-acopio-de-material-para-fabricar-explosivos-en-ceuta\/#google_vignette<\/a>","text_length":133,"media":{"root":"\/00c\/sjkAAC1ly0EAAAAA8kK8C-3dpgM","photo":{"thumbs":{"m":{"w":196,"h":320,"hash":"zy0iueG4tqxqqRgVqZoLCA&ts=1788386363"},"x":{"w":489,"h":800,"hash":"L7xQm9ZFU618J0xfs-Cb3w&ts=1788386363"},"y":{"w":782,"h":1280,"hash":"cx3h75K4K0XefqeLjnhIHw&ts=1788386363"},"i":{"bytes":"AoABg|DXOSCBx71D5Mv\/AD2NEsTFyVXOfpUe079mDk9uKALWG2gZ59aKhiiKtkj+VFAE5OOnNJuPp+tMdWLEgA\/h\/wDXo8vgcoD9P\/r0ASA5opiJg\/wfgvP86KAIJnWHe7HAzWe95GZd4J2gfnRRQA3TpjPfAvjI74ooooA\/\/9k="}}}}},{"channel_id":1103848749,"post_id":14769,"date":1788091767000,"forwards":"427","views":"95.9K","comments":"267","media":{"root":"\/013\/sTkAAC1ly0EAAAAArSnHwvcfrIc","video":{"duration":81,"w":320,"h":560,"is_animation":false,"is_round":false,"mime_type":"video\/mp4","size":7286568,"thumbs":{"m":{"w":182,"h":320,"hash":"5sCWK37Qx7rr7rsYqghHNA&ts=1788386363"},"i":{"bytes":"AoABc|DIZcHFNq68SkkkcmoXjC9KLgRKpY4AzRTlZkbI4NFPQRpvBtY7m47YqFo07At9aZLJI0jHcx+Y4x9abuf1b8qkYvknFFCu+4cnHviigY9FhlY7F56nNTC1j7j9KKKAbFFrEGBwciiiigD\/2Q=="}},"streamable":true,"televisor_hash":"2OhUphVNHclghcMt2vAUOQ&ts=1788386363"}}},{"channel_id":1103848749,"post_id":14768,"date":1788088219000,"forwards":"266","views":"97.4K","comments":"103","text":"<b>No es una crisis migratoria.<\/b><br><b>Es una declaraci\u00f3n de guerra del Rey de Marruecos contra Espa\u00f1a<\/b>.<br><br>Es el resultado de la regularizaci\u00f3n masiva de Pedro S\u00e1nchez a 3.5 millones de inmigrantes generando el mayor efecto llamada de la historia de nuestra naci\u00f3n<br><br>El PLAN:<br><br>1. Entrada masiva de hasta 40.000 ilegales en Ceuta (la mitad de la poblaci\u00f3n de la ciudad) Ya ha ocurrido.<br><br>2. \u2060Colapso de servicios, tr\u00e1nsito y comercio: Los saqueos y pillajes han ocurrido hoy mismo, porque tienes a decenas de miles de africanos hambrientos y sedientos.<br><br>3. Respuesta insuficiente del Gobierno espa\u00f1ol que fuerce la &#039;ayuda y entrega de v\u00edveres de Marruecos a Ceuta&#039; para autorizar la entrada de efectivos militares marroqu\u00edes.<br><br>4. \u2060Cuando eso ocurra, habr\u00e1 sentadas masivas de dichos ilegales en puntos log\u00edsticos y la petici\u00f3n de control administrativo temporal de Marruecos sobre Ceuta, paso previo al refer\u00e9ndum en pocos a\u00f1os y adhesi\u00f3n de la ciudad a Marruecos.","text_length":949},{"channel_id":1103848749,"post_id":14767,"date":1787998334000,"forwards":"124","views":"111.4K","comments":"169","media":{"root":"\/00d\/rzkAAC1ly0EAAAAAI5n-Z8yYNyc","photo":{"thumbs":{"m":{"w":234,"h":320,"hash":"MR4D5AjfTOi1eVE_Stxr2Q&ts=1788386363"},"x":{"w":586,"h":800,"hash":"mdyFcpvMDpkXgvMg8YRygg&ts=1788386363"},"y":{"w":938,"h":1280,"hash":"FZPtJDxyleJZLo_37eVEaQ&ts=1788386363"},"i":{"bytes":"AoAB0|DMiCF\/nx9DViM+UGCOF\/Gq6bASXyfQY\/8ArinZh\/un\/vk\/\/FUAPkVCS7kHPvVfFS5i5+U\/98n\/AOKqIDjmgCQD5RyPypCFzy35CrEP+rFEjNnCjtmo59bF8mlyCNhE29W5HtSMxdizdT6cVY5x3J4xioJPvnNNMTViRHCoB3p0cgySSBiiilZalXY9pVL+n45qu3Lk9aKKUVYG20f\/2Q=="}}}}},{"channel_id":1103848749,"post_id":14766,"date":1787930216000,"forwards":"148","views":"111.4K","comments":"212","media":{"root":"\/00c\/rjkAAC1ly0EAAAAA8kK8C-3dpgM","photo":{"thumbs":{"m":{"w":256,"h":320,"hash":"UKY1m0zkhIRU6H_0_DIHMw&ts=1788386363"},"x":{"w":640,"h":800,"hash":"pt9equVot4yTqCA1oy5HXw&ts=1788386363"},"y":{"w":1024,"h":1280,"hash":"wZVUgrbd5aWqhokAho89ng&ts=1788386363"},"i":{"bytes":"AoACA|Ce5+3oXeNzsB4AAPH5VXNxqA7zdf8Anl\/9anS6bLJNI4KHcxI+b1P0pv8AZU+B\/q\/zH\/xNACG51D1m\/wC\/X\/1quW63xlRpX\/dnkggZ6cdqqf2TPj+D\/vr\/AOxqS2sZLa5jmkKBVODg5PPA7epoA0Ng3khRk9ytOAYdAPyqsLh1uSGY7AfQVIbqPA4P5UAS5f1psxJhGcZ3p\/6EKo3EyNJkEke1SIVEQUZB3r17\/MKVx2KtzDO1y5ETlc9h1piW0gHMEp9sGiihgiTypAciCQcehqSJZBIoaJgBt5I\/2hRRQkFz\/9k="}}}}},{"channel_id":1103848749,"post_id":14765,"date":1787838533000,"forwards":"235","views":"142.6K","comments":"243","text":"Mat\u00f3 a sus tres hijos. Cora, 5 a\u00f1os. Dawson, 3. el beb\u00e9 Callan, solo 8 meses. Uno detr\u00e1s de otro.\n\nY hoy hay gente explicando que la v\u00edctima es ella.\nSi t\u00fa eres de esos: bloqu\u00e9ame. Deja de seguirme. No te quiero cerca.\n\nUn diagn\u00f3stico explica. No absuelve.","text_length":256,"media":{"root":"\/002\/rTkAAC1ly0EAAAAA5XLGyl9CcMI","video":{"duration":103,"w":464,"h":848,"is_animation":false,"is_round":false,"mime_type":"video\/mp4","size":86519764,"thumbs":{"m":{"w":180,"h":320,"hash":"c6hUE3Zv_Pb75h9Rz3wU_g&ts=1788386363"},"i":{"bytes":"AoABY|CwLmNhyhB9KUzxD1qrhVyePem5U9AQTyM1HMxWLguox2P5UVQJPfIop8zAUdQGI6jNTyODGcuSV6cY5qLGBgdT3pi\/IO5Pv2qEzVR0HEkiinBUf1BHXFFK4vZsJWUOigdRUZTB4Y\/Siimy4li2Xhs0UUUDP\/\/Z"}},"streamable":true,"televisor_hash":null}}},{"channel_id":1103848749,"post_id":14764,"date":1787791731000,"forwards":"182","views":"139.5K","comments":"87","text":"La direcci\u00f3n del CNI constata c\u00f3mo el Presidente del Gobierno debe ocultar reuniones estrat\u00e9gicas por miedo a la extorsi\u00f3n de Marruecos.","text_length":136,"media":{"root":"\/013\/rDkAAC1ly0EAAAAArSnHwvcfrIc","photo":{"thumbs":{"m":{"w":213,"h":320,"hash":"FGaYTWOCixMgW9K4TECefA&ts=1788386363"},"x":{"w":533,"h":800,"hash":"oegC6C4cjaurf4onv3RgDQ&ts=1788386363"},"y":{"w":853,"h":1280,"hash":"Kvm4hxbv_RM6ictogQ1HTQ&ts=1788386363"},"i":{"bytes":"AoABs|CtDFE0YzCSxHHDc0jhfmVLNsnocHj9KI2mEKkSJt444zSo0+MiRRj1I7UjQitoWLndE5OR7f57VHKIxIQUbP0qx5k8aGXzFyOe2c9KpyMZHLHkmgmxoQSskKgNggY5xTvtH3SGOAMc47n\/AOtVPgSE+1LGu6ORiowRgH0pJNjvYmkkuDGylo9rA\/XFUvKarKHcvPUU7Kik24uzBK5YW02xGOZk3ZySDz\/KmtCfL8sBR7hqKKdx2TEitgAd5BJ6YOP6VIunyMoKiMg9D\/kUUU3qKx\/\/2Q=="}}}}},{"channel_id":1103848749,"post_id":14763,"date":1787789377000,"forwards":"104","views":"132.9K","comments":"74","text":"Alvise P\u00e9rez responde a un pseudo-periodista espa\u00f1ol que defend\u00eda a un marroqu\u00ed radical en X.","text_length":93,"media":{"root":"\/001\/qzkAAC1ly0EAAAAA9aH1Dv6VkJA","photo":{"thumbs":{"m":{"w":212,"h":320,"hash":"XYcdzKiSqEq1lRw8KG0txw&ts=1788386363"},"x":{"w":529,"h":800,"hash":"eGiMRy83395Hlv5PvtUbSg&ts=1788386363"},"y":{"w":846,"h":1280,"hash":"TRerdCp1HcQQZztA1QW2pQ&ts=1788386363"},"i":{"bytes":"AoABs|DKGcDCjp6UhDHtj6ClGcDhf1oyfRf1oAbsPofypCSDinFj\/eFMJyaAHqucfIxHtSFT\/cIHvVqGznkX5Ig3APUd+lP\/ALNuyOLcf99CgCj07Un5VclsriIfPCq56Zdf8aryxPDIY5AAw6jIP9aAOgtJoltYgXAOwZ5HpU32iL\/np+ooooAUTwnq6n6kVz+qEPqMrKwIOOQfYUUUAf\/Z"}}}}}]