[{"channel_id":1443166642,"post_id":353,"date":1777021671000,"views":"5","text":"\ud83d\udc1f El establecimiento de Pino Montano, con sucursal en Kansas City, ofrece una visi\u00f3n diferente de la cocina de los t\u00fanidos con platos de fusi\u00f3n y con un aire desenfadado.<br><br>\ud83c\udf55 Il Basilico de Mairena abrir\u00e1 una pinser\u00eda en el mercado de Lebrija<br><br>\ud83c\udf57 \ud83c\udf4a El pollo a la naranja de Casa Mikva<br><br>\ud83d\ude0b Cuatro de mejillones muy bien abiertos.<br><br><br><br>\ud83d\udd17Todo, aqu\u00ed: <a target=\"_blank\" rel=\"noreferrer nofollow\" href=\"https:\/\/9nat5.r.bh.d.sendibt3.com\/mk\/mr\/sh\/6rqJ8H0EanKJI9L3Q0wux2KceOr\/O6qKbCg4lwOa\">https:\/\/9nat5.r.bh.d.sendibt3.com\/mk\/mr\/sh\/6rqJ8H0EanKJI9L3Q0wux2KceOr\/O6qKbCg4lwOa<\/a>","text_length":431,"media":{"root":"\/006\/YQEAALL5BFYAAAAAxb_u_ddxjF8","photo":{"thumbs":{"m":{"w":317,"h":320,"hash":"y8nkMhRBwZiEQp4_swzwuQ&ts=1777551560"},"x":{"w":600,"h":605,"hash":"R3StNn8Pl1rh4Iqn-GQc8A&ts=1777551560"},"i":{"bytes":"AoACg|BI48oMrwpqxCCsQUryOKliQJEGf6ijzBtyikn09akdgx1+WmlM8kcU5d7D7uBjuaZID7g+tAEbwI45FFLkD7x5x1FFAxPOV7aNicY4JqH7QUbcuCR09KrQzhCY3\/1bdfb3q5DaFhuDrjtSa1Ki9Bn2mZ5PlOCR0HehRIjhnZhx371oqiJwAAfYVHM6eXvYZUHrikF0V5B5sLBcg4yPrRUgCiIEHgjriimhMx2FPgupbc4U5X0NFFWSXV1COQ5kLpxjHYe9PF3bxphCWGMYAoopWQXKst3I7gjhB\/DRRRTsB\/\/Z"}}}}},{"channel_id":1443166642,"post_id":352,"date":1776416746000,"views":"9","text":"\ud83d\udc2e Este bar de barrio ofrece una magnifica colecci\u00f3n de carnes, algunas de ellas por tapas, que elaboran en una parrilla de carb\u00f3n de encina. El sitio borda tambi\u00e9n un queso manchego a la barbacoa o unas croquetas cremosas y generosas de tama\u00f1o..<br><br>\ud83d\udc83\ud83c\udffb Especial Feria: Sitios para comer buen pesca\u00edto frito, las claves para una fritura perfecta, d\u00f3nde comer muy bien en Triana y Los Remedios...<br><br>\u2615\ufe0f Chuleta, alubias y caldereta para desayunar.<br><br>\ud83d\udc1f 20 restaurantes donde comer at\u00fan rojo en la provincia de Sevilla<br><br>\ud83e\udd6c Campo Rico resucita en Alcolea del R\u00edo<br><br>\ud83d\udd17 Todo esto y m\u00e1s, aqu\u00ed: <a target=\"_blank\" rel=\"noreferrer nofollow\" href=\"https:\/\/9nat5.r.sp1-brevo.net\/mk\/mr\/sh\/6rqJ8GoudeITQjwLBr23wrLuCjl\/yOl3BoezycE-\">https:\/\/9nat5.r.sp1-brevo.net\/mk\/mr\/sh\/6rqJ8GoudeITQjwLBr23wrLuCjl\/yOl3BoezycE-<\/a>","text_length":662,"media":{"root":"\/006\/YAEAALL5BFYAAAAAxb_u_ddxjF8","photo":{"thumbs":{"m":{"w":320,"h":320,"hash":"SrbM59N69ZNuJ7fjyViYQA&ts=1777551560"},"x":{"w":600,"h":600,"hash":"66R7ar7CqZOh204W_q--HA&ts=1777551560"},"i":{"bytes":"AoACg|CobaQAnGcdcVCThtuDnpWkTJ91WI\/vHuaoXQPmZY5yKmyNfaSsBikH8BoCORnYcVEzKCMRrwO+eaQyjdny0H4UcqF7WRK6PGu50YD3oqBmDH7qr9KKfKg9rI2I2lliKpEDjqap3AAPIIYH7pFa9s6GFfLOVFRXcSSgow+YfdPpTIuYj8nAXHeo+prRmSCONhgGXv6CqbbTyOp65oCxDRSmigRet55YSTHg56g1I9zO+eFH0FFFZts6uVLoQwrIZtq\/eYHOe9TNpc57KPpmiimmROyeiGjSps9v1\/wooopkXP\/Z"}}}}},{"channel_id":1443166642,"post_id":351,"date":1775812896000,"views":"4","text":"\ud83c\udf45 Recorrido por ocho versiones de este plato al que siempre le viene bien una buena frit\u00e1 de papas\u2026 no le va a poner br\u00f3colis\u2026<br><br>\ud83d\udc0c Abril da la bienvenida a los primeros caracoles en los bares sevillanos<br><br>\ud83e\udd56 Moyey: Nace en Sevilla la primera molleter\u00eda del mundo<br><br>\u2139 Canales de Cosasdecome, la nueva forma de estar informado de lo que es com\u00e9.<br><br>\u2b50Augurio de Sevilla entra en las recomendaciones de Michelin<br><br>\ud83d\udd17Todo, aqu\u00ed: <a target=\"_blank\" rel=\"noreferrer nofollow\" href=\"https:\/\/9nat5.r.bh.d.sendibt3.com\/mk\/mr\/sh\/SMJz0ACyFvfrfLQ1lQW2gMWRHDUL\/M9rcZ_MmF8bo\">https:\/\/9nat5.r.bh.d.sendibt3.com\/mk\/mr\/sh\/SMJz0ACyFvfrfLQ1lQW2gMWRHDUL\/M9rcZ_MmF8bo<\/a>","text_length":504,"media":{"root":"\/012\/XwEAALL5BFYAAAAABSaB5LFYn5Q","photo":{"thumbs":{"m":{"w":320,"h":320,"hash":"x6IdGZpeaERKqPMBCCX3qw&ts=1777551560"},"x":{"w":600,"h":600,"hash":"ieQsIDAQDeAo3rFLVFNl9w&ts=1777551560"},"i":{"bytes":"AoACg|BiWymPJ2hiMge1R\/ZJBJlgNvt69P8AGpoUkRwxfaw4wR2p0kbqrETsQBwB3qW0itWMa1AC8Ad+fSpRZoI\/ujeR1PNQyNJFcbRIxPcHn3oa7cLhwyse+etCaYaoSS32KSVXiio2aTaFJJUdOaKLFczJzO8M5DsQufmGKkR42J2vhT1GKYs8F0oFx8svTf6019OOf3bj60nG5KdglL7iwJI9RiqpAI69KtCxnXpKAamiskU5kO89qFBornRXiK+Rtc468YHSirlzAJI8E5YdAcUVZmZ8ghZsxFiPQinpcSxnEaqB3AFFFRc6HBD4bu5eRY8rk88j2q9GlxkCRlA\/2VNFFUmZyST0HCLAAG4+5XFFFFBB\/9k="}}}}},{"channel_id":1443166642,"post_id":350,"date":1774610038000,"views":"7","text":"Te ofrecemos un centenar de establecimientos ordenados por barriadas donde puedes disfrutar de buena barra, tapeo tradicional y precios para carteras \u00aba r\u00e9gimen\u00bb.<br><br>\ud83e\udd56 Convertir la pav\u00eda en pan, el milagro de Cuaresma de La Casa del Pan<br><br>\u271d\ufe0f Los originales guisos de Cuaresma con algas del restaurante Buhaira<br><br>\ud83c\udf77 Bodeguita Romero, donde el vino se sirve a lo grande.<br><br>\ud83d\udd17Todo, aqu\u00ed: <a target=\"_blank\" rel=\"noreferrer nofollow\" href=\"https:\/\/9nat5.r.bh.d.sendibt3.com\/mk\/mr\/sh\/6rqJ8H0EanKJI9L3Q0wux2KceOr\/LHnUdCuVSKVd\">https:\/\/9nat5.r.bh.d.sendibt3.com\/mk\/mr\/sh\/6rqJ8H0EanKJI9L3Q0wux2KceOr\/LHnUdCuVSKVd<\/a>","text_length":464,"media":{"root":"\/011\/XgEAALL5BFYAAAAAhSRBF0oshp8","photo":{"thumbs":{"m":{"w":320,"h":320,"hash":"9KiwT2JW9NK2WGEW-QHQ3Q&ts=1777551560"},"x":{"w":600,"h":600,"hash":"-KpbupEcpnKkofhPkj9fUQ&ts=1777551560"},"i":{"bytes":"AoACg|BrGENtEYz6baHjUICUXn0FNR9s2RkuKdJJuQcEEcHNIq7GiNG4x\/L\/AApJYERMj1xSB\/erNu64bfjHqe1DBNlHYPSirEpBJwc88GilcevcS4kEd1uA7DOOKaZTKC54yasTW3mSlsHp\/Smi1QDGJOtUSVj1o3lY+Oee9WvsyY6S80jW0YQAiQ9zigRViLPKM9+KKsR2uG3IW9gw5NFJjTHfas8qxb8KBceu7Iooqbs25EPjlSSUIC24+oq35L9ySfxoopp3M5JJ6DfJYnjP60UUUyT\/2Q=="}}}}},{"channel_id":1443166642,"post_id":349,"date":1774001522000,"views":"6","text":"El grupo Bacalao rinde culto al pescado m\u00e1s sevillano en Bacalao restaurante, La Chumbera y su tienda gourmet de la plaza Ponce de Le\u00f3n, donde lo desalan de forma artesanal. Lo ofrecen preparado de m\u00e1s de 40 formas diferentes y lo venden bajo la marca \u00ab5 B\u00bb con la que quieren reforzar la imagen de calidad.<br><br>\ud83d\udc1f Cena degustaci\u00f3n centrada en el bacalao en Becerrita especial para suscriptores<br><br>\ud83c\udf5c Abre Paquito Puchero: potaje de d\u00eda, ramen de noche<br><br>\u271d\ufe0f Jornadas de Cuaresma en Manolo Mayo y Do\u00f1a Emilia.<br><br>\ud83d\udd17Todo, aqu\u00ed: <a target=\"_blank\" rel=\"noreferrer nofollow\" href=\"https:\/\/9nat5.r.sp1-brevo.net\/mk\/mr\/sh\/6rqJ8GoudeITQjwLBr23wrLuCjl\/hbfGOwbhIYyc\">https:\/\/9nat5.r.sp1-brevo.net\/mk\/mr\/sh\/6rqJ8GoudeITQjwLBr23wrLuCjl\/hbfGOwbhIYyc<\/a>","text_length":597,"media":{"root":"\/00e\/XQEAALL5BFYAAAAAb4cpcZIv2Bk","photo":{"thumbs":{"m":{"w":320,"h":320,"hash":"7rkSujsfDrq7UypUEblxoA&ts=1777551560"},"x":{"w":600,"h":600,"hash":"ROEyhgTm9kq3kzPGH11w-Q&ts=1777551560"},"i":{"bytes":"AoACg|Cpbf69P89q0z5frWZb\/wCuXJwDnvjtV5YzgAEVCNqu5KGjjQDP096anlhc\/wARJJFRSxkLl2D+2OBUsZjEShn25HQHFU5XMrGdc\/69vw\/lRRclfPfYcj1Jz2oqDqWyC3UPOqnvV+PCTFPQZqhbOEnVm6DP8qtPOnmbhjGPWmjOruW\/LQqflHPWmtGhABQE9BkUkUvmRBvWgyLuA6GgyM66GLhx06fyoovBi5cfT+VFI6VshkWQ4bGQKs5jPXfn27UUUJkySb1JIHTKwpuzzjP51O9rKckYD9jzxRRTWplJWehVewuZHLMQSe5z\/hRRRTsilUZ\/\/9k="}}}}},{"channel_id":1443166642,"post_id":348,"date":1773400734000,"views":"3","text":"El restaurante La Almazara de Carmona ofrece una cocina brillante, que es capaz, a la vez, de bordar cl\u00e1sicos como un guiso de fabes o sorprender con un risotto de berberechos para acompa\u00f1ar a un rodaballo vuelta y vuelta.<br><br>\ud83c\udfc6Cosasdecome, premiado por la Federaci\u00f3n Andaluza de Hosteleros por su difusi\u00f3n de la gastronom\u00eda andaluza.<br><br>\ud83d\udcc6 Del 13 al 26 de marzo: Cena degustaci\u00f3n centrada en el bacalao en Becerrita especial para suscriptores<br><br>\ud83c\udf72Dos guisos de Cuaresma en uno, en el bar m\u00e1s antiguo de Gines<br><br>Mucho m\u00e1s, aqu\u00ed: <a target=\"_blank\" rel=\"noreferrer nofollow\" href=\"https:\/\/9nat5.r.sp1-brevo.net\/mk\/mr\/sh\/6rqJ8GoudeITQjwLBr23wrLuCjl\/DUlBln1Mk1s8\">https:\/\/9nat5.r.sp1-brevo.net\/mk\/mr\/sh\/6rqJ8GoudeITQjwLBr23wrLuCjl\/DUlBln1Mk1s8<\/a>","text_length":602,"media":{"root":"\/00b\/XAEAALL5BFYAAAAAULLiK3nvwak","photo":{"thumbs":{"m":{"w":320,"h":320,"hash":"su6MFnrqtbglfKdVk_lY9g&ts=1777551560"},"x":{"w":600,"h":600,"hash":"E21MG1iy1pLmlgvXj4Ej6A&ts=1777551560"},"i":{"bytes":"AoACg|Cv9kbOC6A\/j\/hQLRi2BJHn6mrTj5z9aTgDGayN\/aMrmykBxuWk+xv\/AHlq\/wAMOfvHp3xSIY2GSSCe1OzF7RlD7K\/95aKuTFNuQOc46cCiiwe0ZMsYY7jzzxTjAjHJH4UqmnZrSxjcjk2xqXAHHXnio0Y5A8sexz1qRjk7exHpVdLkMDvOCevFJjQy63sUwmxc5we9FRzSr5i4IIHHIoqCrAt5MSSEU\/nTvtk\/9xfyNFFF2b8kewJcTyShAqBj65pTYXPovP1ooprUzlZPRDf7OuSe360UUU7E8x\/\/2Q=="}}}}},{"channel_id":1443166642,"post_id":347,"date":1772789486000,"views":"10","text":"La torta de Alcal\u00e1 est\u00e1 mejor que nunca. La uni\u00f3n de panaderos y pasteleros de la localidad para recuperar y promocionar la receta la han convertido en un regalo distintivo de Alcal\u00e1 de Guada\u00edra.<br><br>\ud83d\udc1f Un peque\u00f1o templo del at\u00fan rojo en el centro de Sevilla.<br><br>\ud83e\udd6c Leart\u00e1 crea un men\u00fa degustaci\u00f3n de alta cocina para vegetarianos<br><br>\ud83c\udf56La gran cumbre de la carne de alta gama se celebra este lunes en Sevilla<br><br>Mucho m\u00e1s, aqu\u00ed: <br><br><a target=\"_blank\" rel=\"noreferrer nofollow\" href=\"https:\/\/9nat5.r.bh.d.sendibt3.com\/mk\/mr\/sh\/6rqJ8H0EanKJI9L3Q0wux2KceOr\/5g-oY02coepg\">https:\/\/9nat5.r.bh.d.sendibt3.com\/mk\/mr\/sh\/6rqJ8H0EanKJI9L3Q0wux2KceOr\/5g-oY02coepg<\/a>","text_length":505,"media":{"root":"\/012\/WwEAALL5BFYAAAAABSaB5LFYn5Q","photo":{"thumbs":{"m":{"w":320,"h":320,"hash":"oMT2qpaDGjcKiua59ixHqA&ts=1777551560"},"x":{"w":600,"h":600,"hash":"vnu-S8rW8W8PIude5J2FWg&ts=1777551560"},"i":{"bytes":"AoACg|C8sp5BPenli6MiuAxBwfQ1WAZXwy44zRLMysEQhMjO4ihDHW7SySkF1Kr1xmrBbPINVBcsY0CYQkZJIqWJxLCGZRn6UWsF7j1YmQg9hRTI\/wCMgHGewopARv8Awog2465GMVDI0I2+Y3OcEE1LuPnLsQsu3k+\/41C4b7R5nkFu2CRUoZGyqWwpDLknvwPSrSsAAEbIA59qZajZGQY9pJ6U6OSMbvkYc\/3etOy6DlJy3JA6GPBOCCcjJHP4UUkcyCMAsVPU8UVIiAXaOflZwO+FFPE8XQyS8egFFFO5q4IcJ4ZHWON5Fb3XOan8l1PXcPUjBooprUzkuV6B5bHgr+ODRRRTsTc\/\/9k="}}}}},{"channel_id":1443166642,"post_id":346,"date":1772187169000,"views":"15","text":"Para comer un cochinillo al horno al estilo castellanoleon\u00e9s, no hace falta viajar mucho. En la provincia de Sevilla hay varios establecimientos que siguen sus preceptos: lechal, agua, sal y maestr\u00eda en el manejo de la temperatura del horno.<br><br>\ud83c\udf72 Un homenaje a la berza jerezana pone fin a las jornadas Cocidos de Espa\u00f1a en el Gran Caf\u00e9 Espa\u00f1a<br><br>\ud83e\udd56 El \u00fanico men\u00fa degustaci\u00f3n del mundo que permite mojar pan en todos los platos<br><br>\ud83d\ude0b La casi desconocida fritura de bacalao que llega por Cuaresma a Casa Moral.<br><br>\ud83d\udd17Todo, aqu\u00ed: <a target=\"_blank\" rel=\"noreferrer nofollow\" href=\"https:\/\/9nat5.r.bh.d.sendibt3.com\/mk\/mr\/sh\/6rqJ8H0EanKJI9L3Q0wux2KceOr\/JADriphCgg3n\">https:\/\/9nat5.r.bh.d.sendibt3.com\/mk\/mr\/sh\/6rqJ8H0EanKJI9L3Q0wux2KceOr\/JADriphCgg3n<\/a>","text_length":603,"media":{"root":"\/013\/WgEAALL5BFYAAAAAKGNSYt9j7Uw","photo":{"thumbs":{"m":{"w":320,"h":320,"hash":"DpuFj2r_eJdAukqZO2-mvA&ts=1777551560"},"x":{"w":600,"h":600,"hash":"BYNfOdJxjpsgIPkISxh6jg&ts=1777551560"},"i":{"bytes":"AoACg|CARxnt+VPEEZ\/g\/WlVNyFgBx2zTXd1YDhQR9ayNuZiCKPey4HXjnpUiRQt\/wAsz+tEZ2vzt6+goM5BHzZ4z+tOwuZjvs0J6IfxOKKki3qg3KCOeQaKl6Du+5Ibf5cK3Hr6VWlaBPu\/vJB\/EeAKuLIHGCMGq8qwof3e0N\/ePatWjNO+5HGjOCdmW68nvSOI1JymNvfJ4qMIw\/5eMd6kMLsSfMDZ45NRZlaEf2042Yyuc5PWih4IoYAZcF\/Y0VQXH\/bXZTsjwfXOai82fsx4ooqbs29nFAjTySLGGweoqz9lvv745P8AntRRTWplOydkiFtOupG3OQx6c5oooqjPm8j\/2Q=="}}}}},{"channel_id":1443166642,"post_id":345,"date":1771585203000,"views":"10","text":"Mojar pan es uno de los grandes monumentos creados por la humanidad y no se puede hacer si no hay una miga en condiciones. Resaltamos los establecimientos que ofrecen buen pan y picos para acompa\u00f1ar las comidas. Defendemos el \u00abpanidaje\u00bb con la misma fuerza que el maridaje.<br><br>\ud83c\udf72 Fabada asturiana, un cl\u00e1sico del cuchareo, hasta el s\u00e1bado en Gran Caf\u00e9 Espa\u00f1a<br><br>\ud83c\udf27 Los temporales retrasan la temporada de habas<br><br>\ud83d\ude0b Comienza la alerta torrija en Sevilla: Buscamos los mejores ejemplares de la provincia.<br><br>\ud83d\udd17Todo, aqu\u00ed: <a target=\"_blank\" rel=\"noreferrer nofollow\" href=\"https:\/\/9nat5.r.bh.d.sendibt3.com\/mk\/mr\/sh\/6rqJ8H0EanKJI9L3Q0wux2KceOr\/DPDZ2GiEGS3A\">https:\/\/9nat5.r.bh.d.sendibt3.com\/mk\/mr\/sh\/6rqJ8H0EanKJI9L3Q0wux2KceOr\/DPDZ2GiEGS3A<\/a>","text_length":597,"media":{"root":"\/011\/WQEAALL5BFYAAAAAhSRBF0oshp8","photo":{"thumbs":{"m":{"w":320,"h":320,"hash":"3RqsT7ZANbqgQwFQQmy0Qw&ts=1777551560"},"x":{"w":600,"h":600,"hash":"09QkkQ-oxvWhqdnnDDMNjQ&ts=1777551560"},"i":{"bytes":"AoACg|DPorQa3hVM7Oe3JqLyUGGKD3XJrI6vaIqUVqRWlvIocRkg+5oks4FP+rI9s07C9qjLorQW3gJI2fqaKLB7VCzOvAB5U88U3eN4449qZ9qidSro2DUXmqpGCSB7UiOVl2CTa7AsNoPSkacAku4xj0qmtyQCCgYk5zSeez8FUA\/GqRPK+xailTG45APc0VGssHl7DjHpg0U7i5X2KgUt0FL5belFFSdVx0cTySCMcMfWrH9m3Hov60UU0rmU5uL0AabcHsP1ooop8qI9rI\/\/2Q=="}}}}},{"channel_id":1443166642,"post_id":344,"date":1770976005000,"views":"2","text":"Sestogusto, en la plaza del Pan, no es una pizzer\u00eda al uso. El establecimiento lleva el mundo de la masa italiana a la alta cocina, con platos gustosos y ligeros,  que combinan con los c\u00f3cteles del afamado Cisco Rodr\u00edguez.<br><br>\ud83d\udc58 Taberna Yamaoka, un restaurante de arte y tapas japonesas<br><br> \ud83e\udd54`Casa Mikva, el restaurante donde las papas ali\u00f1\u00e1s se comen con las manos<br><br>\ud83d\udce9 Estrenamos canal de WhatsApp de recetas<br><br>\ud83d\udd17Todo, aqu\u00ed: <a target=\"_blank\" rel=\"noreferrer nofollow\" href=\"https:\/\/9nat5.r.bh.d.sendibt3.com\/mk\/mr\/sh\/6rqJ8H0EanKJI9L3Q0wux2KceOr\/fBYNT1A_Px7f\">https:\/\/9nat5.r.bh.d.sendibt3.com\/mk\/mr\/sh\/6rqJ8H0EanKJI9L3Q0wux2KceOr\/fBYNT1A_Px7f<\/a>","text_length":505,"media":{"root":"\/00b\/WAEAALL5BFYAAAAAULLiK3nvwak","photo":{"thumbs":{"m":{"w":320,"h":320,"hash":"qhW6lSmc8rlGP2eTsl1nDQ&ts=1777551560"},"x":{"w":600,"h":600,"hash":"JgVtYGaTpfd_WVVOV_wXIw&ts=1777551560"},"i":{"bytes":"AoACg|Chg+lGD6Gr9tbgpukG4noKc1qhHHB9BWeh0e0ZmgE9BQQR14q4bZo23L82O1QmZAwAgBY8dadhe1fYiCknAB5oq7CF+YvGEYDOQd39aKLB7Viyb7eQhfmU87c809LiMjbnb9eKhuEO4yE4Oaj8wFQHAP1FBmXg2RtGcHo3TFU7wIJEbaS3ftmmLKqg\/uwfxNJ5idTGM5z1NNIQbXjy\/kqvXkP0oppdMHEIGffpRTAQtLJ1Zm+po2ydOaKKg67IWON5JBGPvH1qx\/Ztx7fmaKKaRjKVmJ\/Ztwew\/WiiiixPOz\/\/2Q=="}}}}},{"channel_id":1443166642,"post_id":343,"date":1770373948000,"views":"6","text":"El establecimiento de la familia Cubero Ordo\u00f1ez en Alcal\u00e1 de Guada\u00edra destaca por una carta de cuchareo que alcanza la docena de especialidades los fines de semana. Atenci\u00f3n a su carrillada confitada, la carne en tomate o las alb\u00f3ndigas de ciervo y jam\u00f3n.<br><br>\ud83d\udc37 Prueba un excepcional cerdo ib\u00e9rico con el men\u00fa especial en Keycha con descuento para suscriptores<br><br>\ud83d\ude0b Besana Tapas crea una nueva versi\u00f3n del loco de Utrera en forma de empanada<br><br>\u2665\ufe0f Los men\u00fas para el D\u00eda de los Enamorados 2026<br><br>\ud83d\udd17Todo, aqu\u00ed: <a target=\"_blank\" rel=\"noreferrer nofollow\" href=\"https:\/\/9nat5.r.bh.d.sendibt3.com\/mk\/mr\/sh\/6rqJ8H0EanKJI9L3Q0wux2KceOr\/qVThfllYm_hu\">https:\/\/9nat5.r.bh.d.sendibt3.com\/mk\/mr\/sh\/6rqJ8H0EanKJI9L3Q0wux2KceOr\/qVThfllYm_hu<\/a>","text_length":586,"media":{"root":"\/001\/VwEAALL5BFYAAAAAhBDAwDJos9o","photo":{"thumbs":{"m":{"w":320,"h":320,"hash":"alH1MhEaiPAMbfB-7zMDBA&ts=1777551560"},"x":{"w":600,"h":600,"hash":"z1ua_ffKAdGfkzE3X_L2Zg&ts=1777551560"},"i":{"bytes":"AoACg|BjEhWI6gGo47hkyZeSfSnS\/wCqb6YqJREJNrgFcdQeBUlEiSb85X5uxHapGnCoODnuPSiOOBhnbx2IJqG42I+1GbPfnNAE2cgEegopF+4v0H8qKAGzf6o5OB64pscUMrMsbNgDP+eKnSNZWCMMg1OlukZPloRnrQIorCmSuGGeM0xhEAy7iGB4GOtaCwHI+Uj8qUWke\/eyfPnOQaBlKEkxKTRU8saxyFEGFHaigBYTtkDdhVgzAnofyoooEIJQz7QOT7VLtkHRBRRQgIJLeWRy2AM+xooop2A\/\/9k="}}}}},{"channel_id":1443166642,"post_id":342,"date":1769773983000,"views":"17","text":"El Jardin de Yunnan es uno de los restaurantes m\u00e1s originales de Sevilla. Su men\u00fa se basa en tres caldos que hierven durante horas y que se sirven con fideos chinos y una docena de complementos.<br><br>\ud83d\udc37 Comienzan las jornadas del cerdo ib\u00e9rico en Keycha<br><br>\ud83d\ude0b S\u00e1bado 31, \u00faltimo d\u00eda de cocido castellano en el Gran Caf\u00e9 Espa\u00f1a<br><br>\ud83d\ude2e Papel de plata parece... alubias con at\u00fan en escabeche, es<br><br>\ud83d\udd17Todo, aqu\u00ed: <a target=\"_blank\" rel=\"noreferrer nofollow\" href=\"https:\/\/9nat5.r.sp1-brevo.net\/mk\/mr\/sh\/6rqJ8GoudeITQjwLBr23wrLuCjl\/Y4zJPAazN6PS\">https:\/\/9nat5.r.sp1-brevo.net\/mk\/mr\/sh\/6rqJ8GoudeITQjwLBr23wrLuCjl\/Y4zJPAazN6PS<\/a>","text_length":477,"media":{"root":"\/002\/VgEAALL5BFYAAAAAdUWDDVOWP8s","photo":{"thumbs":{"m":{"w":320,"h":320,"hash":"Unrp0NFi8tMkTZIn9Wd9Ww&ts=1777551560"},"x":{"w":600,"h":600,"hash":"NHC7cxqKNjHiv92beVljWA&ts=1777551560"},"i":{"bytes":"AoACg|BttCkke5lyd2KsNaQsMKuCPeq9pNgeXtJHXirRlRC2VYY61CWhtOUuZ6kf2VB1TP4mo2SIP\/qePTcaspcoVYscbetU3u9xZgSOeKZHNLuLcJEsWUiKt65oqW6kSW0DoO\/PFFRLc66LbjuRW8UTxguoznqWIp\/2WPOU+vLcU6zAMHPqaldB24x+tNXOea95kEsSNEyx43kcnNZ+1sAEHJ4q8biPOMH0yOKkjlgIA347gNVJmTKy5SzZDwd2cUUtxIhJQYPo3rRUS3O2h8BJbSqkW05zntUv2hTxgn8KKKLkygmyPEM0oUAhj7VObQjAEYOO9FFUtTCouV6Ec1lJIBtwCD0xiiiinyoUarSsj\/\/Z"}}}}},{"channel_id":1443166642,"post_id":341,"date":1769163760000,"views":"26","text":"El establecimiento, uno de los pocos de la provincia especializados en este producto, ofrece un men\u00fa degustaci\u00f3n, especialmente dise\u00f1ado para los suscriptores de Cosasdecome, en el que se podr\u00e1n degustar siete cortes y preparaciones con esta carne que est\u00e1 ahora en su mejor momento de consumo.<br><br>\ud83c\udf72 \u00daltimos d\u00edas para probar el cocido monta\u00f1\u00e9s... con su &quot;tostadillo&quot; de postre<br><br>\ud83d\ude0b 30 bares y restaurantes donde comer (muy bien) en Dos Hermanas... Ahora clasificados por precios<br><br>\ud83d\udd3a Anatom\u00eda de una cu\u00f1a, el dulce de barrio que conquista Sevilla<br><br>\ud83d\udd17Todo, aqu\u00ed: <a target=\"_blank\" rel=\"noreferrer nofollow\" href=\"https:\/\/9nat5.r.sp1-brevo.net\/mk\/mr\/sh\/6rqJ8GoudeITQjwLBr23wrLuCjl\/iCBhgK_PGi_S\">https:\/\/9nat5.r.sp1-brevo.net\/mk\/mr\/sh\/6rqJ8GoudeITQjwLBr23wrLuCjl\/iCBhgK_PGi_S<\/a>","text_length":638,"media":{"root":"\/011\/VQEAALL5BFYAAAAAhSRBF0oshp8","photo":{"thumbs":{"s":{"w":90,"h":90,"hash":"l2ym08O_yBDqdJPw9x3mTQ&ts=1777551560"},"m":{"w":320,"h":320,"hash":"aQwIdhwJeKSXoOa8eLW53w&ts=1777551560"},"x":{"w":600,"h":600,"hash":"DEXfB23sblFQHdyC9s2FRQ&ts=1777551560"}}}}},{"channel_id":1443166642,"post_id":339,"date":1768559056000,"views":"20","text":"El establecimiento, tras el \u00e9xito de su cocido maragato, organiza unas jornadas gastron\u00f3micas, que se prolongar\u00e1n durante los fines de semana de los meses de enero y febrero, en las que ir\u00e1n recorriendo platos de cuchara caracter\u00edsticos de varias regiones. El paseo comienza del 22 al 24 de enero con un men\u00fa dedicado al cocido monta\u00f1\u00e9s. <b>Solo por ser suscriptor, tienes un descuento especial.<br><\/b><br>\ud83d\ude0b El bar que tiene una administraci\u00f3n de loter\u00eda dentro y el premio gordo es la pring\u00e1<br><br>\u2b50\ufe0f Identidad y territorio en los nuevos platos del men\u00fa degustaci\u00f3n del estrella Michelin Ochando<br><br>\ud83e\udd5a La tortilla al whisky de De Dom\u00ednguez<br><br>\ud83d\udd17Todo, aqu\u00ed: <a target=\"_blank\" rel=\"noreferrer nofollow\" href=\"https:\/\/9nat5.r.sp1-brevo.net\/mk\/mr\/sh\/6rqJ8GoudeITQjwLBr23wrLuCjl\/J35J_dRQ7Qxn\">https:\/\/9nat5.r.sp1-brevo.net\/mk\/mr\/sh\/6rqJ8GoudeITQjwLBr23wrLuCjl\/J35J_dRQ7Qxn<\/a>","text_length":717,"media":{"root":"\/011\/UwEAALL5BFYAAAAAhSRBF0oshp8","photo":{"thumbs":{"m":{"w":320,"h":320,"hash":"fQaa3EfaIALpELMAW1Jzjg&ts=1777551560"},"x":{"w":600,"h":600,"hash":"4tSM8pVPfUH7aPGEoXW21w&ts=1777551560"},"i":{"bytes":"AoACg|COBC8ZOBge9P2deOOn3qgBOxVGRnripF3DIOSOtZ9DSXxMlCdMDPHrS7MHAH60nmsvEYXBUZ3D2pA5yS6gHvQSRSg7WYnqBxRSy\/cPI+mKKTOuh8I6BkWHc+MA4yac5jZcxjcR6VXhjaVXBPyqwNStm1hLIMjvmqSOafxMlCKUHPPrTrhQsLOFBYc\/hVZFEirIi9T0zT5GljQmSP5DwDmmiGQGdZIyNuD9aKawVVTavWipZ2UHeI6J5k+42B24Bp3mT8DzG+X2FFFCbsEqMWx0DzB0iRjjsMAe9XHhumUAEL9B\/wDWooqou5zVIqLsivJZ3crrvYMB0yMf0ooooaFGo4qyP\/\/Z"}}}}},{"channel_id":1443166642,"post_id":338,"date":1767955103000,"views":"17","text":"El Bar Tropez\u00f3n de Cantillana ofrece una cocina sencilla, sin pamplinas, pero brillante, con carne ib\u00e9rica hecha a la parrilla, guisoteo y platos peculiares como una cabeza de lomo frita en taquitos. No te lo pierdas\u2026 pero vamos a ver m\u00e1s temas de esta semana:<br><br>\ud83d\udc37 La carne fresca de cerdo ib\u00e9rico de bellota ya est\u00e1 en tiendas y restaurantes: te contamos los bares donde comerlo, el despiece del cochino\u2026<br><br>\ud83e\udd6c 40 platos de verduras para desintoxicarse de las navidades<br><br>\ud83c\udf82 La tartita de chocolate y pera de Alcocrem<br><br>\ud83d\udd17 Todo, aqu\u00ed: <a target=\"_blank\" rel=\"noreferrer nofollow\" href=\"https:\/\/9nat5.r.sp1-brevo.net\/mk\/mr\/sh\/6rqJ8GoudeITQjwLBr23wrLuCjl\/K0C4yGHeckVz\">https:\/\/9nat5.r.sp1-brevo.net\/mk\/mr\/sh\/6rqJ8GoudeITQjwLBr23wrLuCjl\/K0C4yGHeckVz<\/a>","text_length":611,"media":{"root":"\/011\/UgEAALL5BFYAAAAAhSRBF0oshp8","photo":{"thumbs":{"m":{"w":320,"h":320,"hash":"GIi1QCknJaPdVEk7GE8kOg&ts=1777551560"},"x":{"w":600,"h":600,"hash":"nokp9_pb-N9LreE7wwIQeQ&ts=1777551560"},"i":{"bytes":"AoACg|DP8znp+tODjHofepfsoOMc5pjWpGSpyKmyNfaz7ids4FTRW8sy7kUEfWo1gkRsd\/bmr1sfKhQ7sdf50muw\/bT7lSSExNtc4Pp1oq3KiyLHIcB2GTRQog6s+5CQFABYjPc4FR4G0uPmUds4qNYZZcZJx2LGrUcaRqNqBz\/eOBVGTZA1vITkKF9w3WkkjUFQFIbGTzkVaZCVLvGpz0Baq7DADhVAxtOGzTES2rn7Qozniils48zeYQQvY0UgIN8jjG4kUn7ztniiisrs7rR7ChHmkEZPOOM1MNNnU8AfmaKKtK\/UwqT5XZJEogvQAAwAHTj\/AOtRRRT5SPa+SP\/Z"}}}}}]