[{"channel_id":1675827569,"post_id":35174,"date":1777663602000,"forwards":"7","views":"212","comments":"3","text":"\ud83c\uddfa\ud83c\uddf8\ud83c\uddee\ud83c\uddf7 | #Urgente La Casa Blanca notifica al Congreso que considera \u00abterminadas\u00bb las hostilidades con Ir\u00e1n y da por finalizada la guerra.","text_length":139,"media":{"root":"\/012\/ZokAAHEZ42MAAAAAKSHtAu47aNQ","photo":{"thumbs":{"m":{"w":320,"h":180,"hash":"liARxDRsU5cXycouIhYq7g&ts=1777737997"},"x":{"w":800,"h":450,"hash":"FJ-ojByNJ-u0bNJLqVf70w&ts=1777737997"},"y":{"w":1200,"h":675,"hash":"IQ_S0YRq33Dd6FltzmvNnA&ts=1777737997"},"i":{"bytes":"AXACg|DJLFiSxyTVzT0QyMzjK9MVEdgGSgqWBk3YHGe3rQxrc0F8lBiNQv0rJdjFdNtPc8\/WtFdvp096oyiN2ZsH61MWOSGXUu9lQHKooA+veioKKsgdvPSn25\/0iPPQsAaKKBl0\/wCsnhLZ2ISOOpxWfuP4UUUkNjSO46UUUUxH\/9k="}}}}},{"channel_id":1675827569,"post_id":35173,"date":1777658234000,"forwards":"1","views":"187","comments":"11","text":"\ud83c\uddea\ud83c\uddf8 | Zapatero: \u00abVotar al PP es lo mismo que votar a Vox, son la misma cosa\u00bb.\n\nEl expresidente Jos\u00e9 Luis Rodr\u00edguez Zapatero ha intervenido en la escena pol\u00edtica con un mensaje claro: para \u00e9l, no existe diferencia entre las dos principales fuerzas de la oposici\u00f3n.\n\n\u00abVotar al PP es lo mismo que votar a Vox y votar a Vox es lo mismo que votar al PP porque Vox y el PP la misma cosa es\u00bb.","text_length":386,"media":{"root":"\/012\/ZYkAAHEZ42MAAAAAKSHtAu47aNQ","video":{"duration":144,"w":848,"h":464,"is_animation":false,"is_round":false,"mime_type":"video\/mp4","size":55434783,"thumbs":{"m":{"w":320,"h":180,"hash":"ZXSMdchxdJfyAJc-3YBHcA&ts=1777737997"},"i":{"bytes":"AWACg|CCOP8Ae5eTbxk81IVLxYXaWODz3qDb91pCQwfGewqRlcQtJyFzwaaGPeNRAzfxDp+fSoZyU6Z+bt6VEH\/clPU5zUsLgRsSAQo70Be4gVZXiZ92DnIopAxESsxOzPXpzRRcCZQCRnn5if0qwoVlKEZBPSiik9hSJlsoABmMfnUM8ECqVVCAv3h60UVEXqQhs6xCFgsYAbge1FFFaM0P\/9k="}},"streamable":true,"televisor_hash":null}}},{"channel_id":1675827569,"post_id":35172,"date":1777658194000,"views":"180","comments":"1","text":"\ud83c\uddfa\ud83c\uddf8\ud83c\uddea\ud83c\uddfa | Trump vincula la retirada de aranceles a la industria automotriz europea con la apertura de plantas en EE. UU.\n\nTrump: \u00abSubimos los aranceles a los coches que llegan de la Uni\u00f3n Europea porque la Uni\u00f3n Europea no estaba cumpliendo con el acuerdo comercial que tenemos... ahora, cuando construyan sus plantas [aqu\u00ed]... no habr\u00e1 aranceles\u00bb.","text_length":349,"media":{"root":"\/002\/ZIkAAHEZ42MAAAAAyhpD8_cx5PU","video":{"duration":69,"w":848,"h":464,"is_animation":false,"is_round":false,"mime_type":"video\/mp4","size":26021912,"thumbs":{"m":{"w":320,"h":180,"hash":"ji8njx6zJZ1dgHrxEzNLkA&ts=1777737997"},"i":{"bytes":"AWACg|Cva38kLdQQxyQauXFywtEjUctxkHqKzD5KqQpkU\/7Q607zi0QAPK9jQKxJujERCqzNjqarEmnl8RZXg55qS1YSBt6g49qT0BkTNlMUVdCRj+BfyoqeYLma7sepOPejOGBHpRRVjFyQSOx61Ysxw1FFJ7CZZooorMR\/\/9k="}},"streamable":true,"televisor_hash":"rMEHJgJDoI5BrFYk6U2chA&ts=1777737997"}}},{"channel_id":1675827569,"post_id":35171,"date":1777656857000,"forwards":"4","views":"692","comments":"4","text":"\ud83c\uddfa\ud83c\uddf8\ud83c\uddea\ud83c\uddf8\ud83c\uddee\ud83c\uddf9 | Trump carga contra la posici\u00f3n de Espa\u00f1a e Italia sobre el armamento nuclear de Ir\u00e1n.\n\nTrump: \u00abNo estoy contento con Italia, y no estoy contento con Espa\u00f1a. Creen que est\u00e1 bien que Ir\u00e1n tenga un arma nuclear. Cualquiera que crea que est\u00e1 bien que Ir\u00e1n tenga un arma nuclear no es muy inteligente\u00bb.","text_length":312,"media":{"root":"\/00c\/Y4kAAHEZ42MAAAAAAtj6sGzF5i8","video":{"duration":54,"w":848,"h":464,"is_animation":false,"is_round":false,"mime_type":"video\/mp4","size":19969656,"thumbs":{"m":{"w":320,"h":180,"hash":"GxhehHC_H92drBCUWeHL9A&ts=1777737997"},"i":{"bytes":"AWACg|DNEwBzsGfWpre4SHDqp3d8nrVQ0H7ooA0Jrprhw2OR6VBNIzOTz+NQqxXOKvQ48pcjJxSbEVS+UxRV4Bf7o\/Kip5hGWwwaQ\/dFFFWUOx096vqRFCpI3cUUUmAsTiVNwGMUUUVm9yT\/2Q=="}},"streamable":true,"televisor_hash":"xpQ7Wcfbs0Pj2ZtCDUl00Q&ts=1777737997"}}},{"channel_id":1675827569,"post_id":35170,"date":1777656483000,"forwards":"1","views":"809","comments":"7","text":"\ud83c\uddfa\ud83c\uddf8\ud83c\uddee\ud83c\uddf7 | Trump afirma que no est\u00e1 satisfecho con la \u00faltima propuesta de paz del r\u00e9gimen iran\u00ed. Las negociaciones siguen congeladas tras m\u00e1s de dos semanas.","text_length":157,"media":{"root":"\/00d\/YokAAHEZ42MAAAAAPNMt-RG22Cw","video":{"duration":4,"w":848,"h":528,"is_animation":false,"is_round":false,"mime_type":"video\/mp4","size":897188,"thumbs":{"m":{"w":320,"h":199,"hash":"VnP9lBirjDUSl9XS6TinMQ&ts=1777737997"},"i":{"bytes":"AZACg|C3Pj7ZkkABR1qlLP5pUFFwD61duf8Aj6b\/AHKzZMFSfemhGgZQFL\/LvUHA3VUivSCCwUDPPWmlmlgcqpABIOBUKsPLIyw9B60AayXgIIHUdcUVTt0Y7gykZUgEKaKAuWLh91y2Rj5D\/I1Qxuzkcda1U\/4+pP8AcpLn7g+tKILYzBHhSASAfenFC6gMSAOBtNXV6irC9KsDPXOMBjx70VqpRSuB\/9k="}},"streamable":true,"televisor_hash":"k5NLtvvJbnNRhzGv4uY2Xw&ts=1777737997"}}},{"channel_id":1675827569,"post_id":35169,"date":1777656447000,"forwards":"1","views":"796","comments":"1","text":"\ud83c\uddfa\ud83c\uddf8\ud83c\uddee\ud83c\uddf7 | Trump afirma que no est\u00e1 satisfecho con la \u00faltima propuesta de paz del r\u00e9gimen iran\u00ed. Las negociaciones siguen congeladas tras m\u00e1s de dos semanas.","text_length":157,"media":{"root":"\/012\/YYkAAHEZ42MAAAAAKSHtAu47aNQ","video":{"duration":14,"w":1280,"h":720,"is_animation":false,"is_round":false,"mime_type":"video\/mp4","size":5880079,"thumbs":{"m":{"w":320,"h":180,"hash":"4cCu4PPv6ApmtBuSpUQXdA&ts=1777737997"},"i":{"bytes":"AWACg|DP2SHPDAd+K0xOsVqqKq8cciqTBQOfmz61NGBKhTIVuoPr7UrDQ0MWYFRn1xU8Uv77cyEA9BVaN2jLRsBkHrT2LOPlbbSFYsmfbnnI9qKrKMRrIzE57elFAyG6O1zj+9USSMrBgehooqhItTtvYSdPlFRv8sAPqKKKTLe4hkJhGONtFFFAj\/\/Z"}},"streamable":true,"televisor_hash":"IoM8h2LUZW0SNn1uvDHDIw&ts=1777737997"}}},{"channel_id":1675827569,"post_id":35168,"date":1777652795000,"forwards":"15","views":"3.4K","comments":"35","text":"\ud83c\uddea\ud83c\uddf8 | El v\u00eddeo de Yolanda D\u00edaz por el 1 de mayo, rodeada de activistas e inmigrantes.","text_length":86,"media":{"root":"\/00e\/YIkAAHEZ42MAAAAAtv0EnFu9BNs.3R0AAAcbqFOeohNo86M_PAQ.AmPjGXEAAIlgafTU6Etar7aWtaq4-glOHd51qjQ","video":{"duration":39,"w":464,"h":848,"is_animation":false,"is_round":false,"mime_type":"video\/mp4","size":8198923,"thumbs":{"m":{"w":175,"h":320,"hash":"2_3Y0JH84SSMeNqtvXRgbQ&ts=1777737997"},"i":{"bytes":"AoABY|CM9T9antcfP9BVJZWZueOec1aWZlXKqnPGVouA9AAx+gopJJDHIcjFFVcViqwEcxCYO2rLc4BCgbsAr3qmwZm3kEbicj0q9b2+8g7j0yM1BfQgljcc8Fj1xRVxxtYqetFMkrQNuP3QRnjP86sWzh7h1HG0Ciin1H0FkIZzRRRSEf\/Z"}},"streamable":true,"televisor_hash":"w-L4xyj4XAsz1kTJWHsSXg&ts=1777737997"}}},{"channel_id":1675827569,"post_id":35167,"date":1777645360000,"forwards":"23","views":"4.0K","comments":"7","text":"\ud83c\uddea\ud83c\uddf8 | Juanma Rodr\u00edguez estalla en el Chiringuito contra la Ministra Milagros Tol\u00f3n por su comentario sexista contra los hombres: \n\n\u00abImaginaros que un responsable pol\u00edtico hombre dice que el problema de la nataci\u00f3n sincroniza es que hay muchas mujeres\u00bb.","text_length":253,"media":{"root":"\/00e\/X4kAAHEZ42MAAAAAtv0EnFu9BNs.tx0AAAcbqFN-nCNFxTu1CwQ.AmPjGXEAAIlfafTU6MLK4LxkyCNzooy9Hod0uvM","video":{"duration":142,"w":464,"h":848,"is_animation":false,"is_round":false,"mime_type":"video\/mp4","size":29738141,"thumbs":{"m":{"w":175,"h":320,"hash":"qkzgbO7n61AnSH9Hs8D16g&ts=1777737997"},"i":{"bytes":"AoABY|CsbK6cGRXGM8ANzVchgD+9bP1rRjPlqdr8ZzzWbMC0ztkcsaE7sbVkSQiRQH8wnI6ZopkAIYjPaiqRmxSzh22k4yeKaEdicAnvwKsq8SE7sZzUv2i3VNqnrQ0kUrsgt4GOWJPpRVpMnlUbb6AUVSXmS33Mx1cyN8p6ntVqxikLEphWHQsKKKmw7lsSTk4kYn6jFFFFWkQ2z\/\/Z"}},"streamable":true,"televisor_hash":"x2wUTzd4A8qIqtMyWzFYJw&ts=1777737997"}}},{"channel_id":1675827569,"post_id":35166,"date":1777644870000,"forwards":"41","views":"3.9K","comments":"41","text":"\ud83c\uddeb\ud83c\uddf7 | Una nueva iglesia francesa queda reducida a cenizas tras un incendio.\n\nLa Iglesia de Saint-Cyriaque, situada en la localidad de Montenach y con m\u00e1s de un siglo de historia, ha sido v\u00edctima de un incendio que ha destruido completamente su estructura.\n\nLas autoridades locales han iniciado una investigaci\u00f3n para determinar si el origen del fuego en Saint-Cyriaque ha sido accidental o fruto de un acto vand\u00e1lico.","text_length":418,"media":{"root":"\/00e\/XokAAHEZ42MAAAAAtv0EnFu9BNs.tB0AAAcbqFNt7WDcDmo3NgQ.AmPjGXEAAIleafTU6O2oie2pNinGvW1wgNuPMQg","video":{"duration":6,"w":592,"h":848,"is_animation":false,"is_round":false,"mime_type":"video\/mp4","size":1479665,"thumbs":{"m":{"w":223,"h":320,"hash":"wFEv5yEM019xTqUA0LMpRQ&ts=1777737997"},"i":{"bytes":"AoABw|CNRmrEULAb8cVCoxVlZmEewd61ZCGSyDHFUzyateSWBbJ\/AU02xP3XGPcVN0OzHYCjJIH1qGS4EcqlDkY5qAQSuPlBx35oe3k7rj\/gQpSlcFGxpRTJsBJznrSNLCG+8PzrJ8iQZ7D0zTfJk7Y\/Os9C7loTvIG2KfYnpUio23Lt830oopgIQw6qCPY03H\/TN\/wFFFJpBY\/\/2Q=="}},"streamable":true,"televisor_hash":"yNeJY-LBjFKIQpciw6dxcg&ts=1777737997"}}},{"channel_id":1675827569,"post_id":35165,"date":1777642026000,"forwards":"19","views":"3.8K","comments":"17","text":"\ud83c\uddea\ud83c\uddf8 | Milagros Tol\u00f3n Ministra de Educaci\u00f3n, Formaci\u00f3n Profesional y Deportes de Espa\u00f1a, dice que el f\u00fatbol es la cuesti\u00f3n m\u00e1s complicada que se ha encontrado en su Ministerio porque \u00abhay demasiados hombres\u00bb.","text_length":208,"media":{"root":"\/00b\/XYkAAHEZ42MAAAAA1Yf_1Qj2s0I","video":{"duration":20,"w":1280,"h":1006,"is_animation":false,"is_round":false,"mime_type":"video\/mp4","size":5419014,"thumbs":{"m":{"w":320,"h":251,"hash":"jaQjdJigP7ObGpe_aB51rw&ts=1777737997"},"i":{"bytes":"AfACg|C8QeMUhyATmlHNMkdYxhj16UxJXK4BlIfzWyeQo6VZibemefxqCGT5MHqOMYqVZVThjyec1K3LcexLRSZBXI6GirIBetUbiQvMRgjbwM1d5APHQVmXMg81XXoR+tC3NaNubUuQDzOf7p\/n\/k1C7lyTTYLnylcY+8OPrUazBXGRx3ppJam6ik2y9A+YsHtRUEUi+cyp9080UjmnvdH\/2Q=="}},"streamable":true,"televisor_hash":"M6Nfzk28GEAzzEd5apSo7w&ts=1777737997"}}},{"channel_id":1675827569,"post_id":35164,"date":1777640225000,"forwards":"25","views":"4.0K","comments":"26","text":"\ud83c\uddea\ud83c\uddf8\ud83c\uddee\ud83c\uddf1 | Israel arresta a un integrante de la flotilla con pasaporte espa\u00f1ol por presuntos v\u00ednculos con el terrorismo de Ham\u00e1s.\n\nLas fuerzas de seguridad de Israel han interceptado y detenido a un ciudadano hispanopalestino que participaba en la reciente expedici\u00f3n de la flotilla rumbo a la Franja de Gaza. \n\nSeg\u00fan el informe de las autoridades israel\u00edes, el individuo est\u00e1 acusado formalmente de pertenecer a la organizaci\u00f3n terrorista Ham\u00e1s.","text_length":446,"media":{"root":"\/00b\/XIkAAHEZ42MAAAAA1Yf_1Qj2s0I","photo":{"thumbs":{"m":{"w":278,"h":320,"hash":"EZq7jpbaEaRrseQWxVQFtQ&ts=1777737997"},"x":{"w":428,"h":493,"hash":"o-7hLYcLxZrq8wtDiMhflg&ts=1777737997"},"i":{"bytes":"AoACM|BtRMs7jKDC1LU537F242YrGJ2VL6FFDKjhZOQeKsVHyVyxBOeKfRIKT6C0UUVJrYSnkkgBjgYNPghMoJHb9asfZlwTIefUVpGPUwqTWxmohdjs5xyfarjWr9iDUhkjiG2NQaha4kUq7nC5xgVfKmYqbjsPW2UqCd2failIi\/idQcdKKORC9rLuQRytDyv402W6eTgEj3JooqIvQ6ZxTdxYY8chixYHnjpj3p10A9svs\/OcdD9KKK0OV7irBbhcSH5von9aKKKok\/\/Z"}}}}},{"channel_id":1675827569,"post_id":35163,"date":1777637881000,"forwards":"19","views":"4.0K","comments":"9","text":"\ud83c\uddea\ud83c\uddf8 | Falange lanza un v\u00eddeo con motivo del inicio de la campa\u00f1a andaluza en el que aboga por el fin de la inmigraci\u00f3n masiva que ha empobrecido a los espa\u00f1oles.","text_length":162,"media":{"root":"\/003\/W4kAAHEZ42MAAAAAjogJgo6uTtw","video":{"duration":29,"w":1280,"h":688,"is_animation":false,"is_round":false,"mime_type":"video\/mp4","size":11270821,"thumbs":{"m":{"w":320,"h":172,"hash":"Rvce8pyz2UoIBFdkMxII4w&ts=1777737997"},"i":{"bytes":"AVACg|CkWVRnqaiLluppxGaeltI+Cq5z2oRcr3Is4pMg1ZSzmkRWCcEZBJxTXsp0QuUwB780yWRAcUUro8TmNxhh2opFp6E1ugdznsM1cQlSuDjByKKKEKY3zhM8kcqZTdlQDjGOKRZ97F3QHEm8DPouBRRQSQXkomMcmzaxBB564ooooLWx\/9k="}},"streamable":true,"televisor_hash":"ht_cA4iP9y1rp1hb8-gmMQ&ts=1777737997"}}},{"channel_id":1675827569,"post_id":35162,"date":1777637001000,"forwards":"33","views":"4.0K","comments":"7","text":"\ud83c\uddea\ud83c\uddf8 | Un inmigrante musulm\u00e1n le grita a Isabel P\u00e9rez, l\u00edder de Vox en Madrid, que vivan Pedro S\u00e1nchez y el islam.","text_length":114,"media":{"root":"\/002\/WokAAHEZ42MAAAAAyhpD8_cx5PU","video":{"duration":119,"w":464,"h":848,"is_animation":false,"is_round":false,"mime_type":"video\/mp4","size":44925594,"thumbs":{"m":{"w":180,"h":320,"hash":"UdtTGH-x8iqQ_8ffbHemew&ts=1777737997"},"i":{"bytes":"AoABY|DZooooAKKKKACiiigAooooAKKKKACiiigD\/9k="}},"streamable":true,"televisor_hash":null}}},{"channel_id":1675827569,"post_id":35161,"date":1777636465000,"forwards":"12","views":"3.9K","comments":"5","text":"\ud83c\uddeb\ud83c\uddf7 | Le Pen re\u00fane a miles de simpatizantes de su partido, Agrupaci\u00f3n Nacional, en un acto por el Primero de mayo.","text_length":115,"media":{"root":"\/011\/WYkAAHEZ42MAAAAAJQJ0Mj5JlQw.kh0AAAcbqFPcKEAZGGtfZQQ.AmPjGXEAAIlZafSVyufIk5RBkfLFpVhYmJwdzHM","video":{"duration":45,"w":1280,"h":720,"is_animation":false,"is_round":false,"mime_type":"video\/mp4","size":17589180,"thumbs":{"m":{"w":320,"h":180,"hash":"Ch4AbC3LI8C-0EiwlT0GVg&ts=1777737997"},"i":{"bytes":"AWACg|DLyRzTz8wJxg+wqZYMHk59KeI+Rx+Ga0CxWG\/3pzocA+varBQDHTnpzQAnc8dqoLFV1JVT7UVZdcKCORkjiikwsDoyckjHtQvJbIzgE4+lFFSUMVmOeB04p5ICLnJ6miikAwyEMOODzRRRTGj\/2Q=="}},"streamable":true,"televisor_hash":"OWkqQnB87nNh4FxmjvIdKQ&ts=1777737997"}}},{"channel_id":1675827569,"post_id":35160,"date":1777636002000,"forwards":"18","views":"3.9K","comments":"11","text":"\ud83c\uddfa\ud83c\uddf8 | Estados Unidos publica nuevas im\u00e1genes del atacante de Trump entrando a toda velocidad en el hotel Hilton durante la cena de los corresponsales de la Casa Blanca.","text_length":169,"media":{"root":"\/011\/WIkAAHEZ42MAAAAAJQJ0Mj5JlQw.kB0AAAcbqFODl_nVxePVQQQ.AmPjGXEAAIlYafSVyoehVkALVc55ZTIlkRix4-k","video":{"duration":44,"w":1280,"h":960,"is_animation":false,"is_round":false,"mime_type":"video\/mp4","size":17224789,"thumbs":{"m":{"w":320,"h":240,"hash":"iZxbB2lTKJ96EwDKVJ2Y0Q&ts=1777737997"},"i":{"bytes":"AeACg|C4sODhmIPoKWMRM20sS46rmo1YyRscgOOCPeqaySiYuFKt0JxQBYuyYCCqg7j3ptrIZTKzqPlXPFAYzsBIdx5xkcVLHGIt20D5hgjFAES3SE\/MjL9Dmip\/ssJ52AfSigCC0ZUV1Yjfu5PrVhskfKcfhVKeERKQOQeR7EUttKSGGScepoAF3xzxIc49KvZqvsDMHOcjpT9xI6\/lQBIGwaKjJ4ooA\/\/Z"}},"streamable":true,"televisor_hash":"A6CwDs2_G7Z-b3IclDn3IA&ts=1777737997"}}}]