[{"channel_id":1713927523,"post_id":162020,"date":1777637732000,"views":"168","comments":"2","text":"\ud83c\uddee\ud83c\uddf1\ud83d\udcb0\ud83c\uddfa\ud83c\uddf8 La exmiembro de la C\u00e1mara de Representantes de Estados Unidos, Marjorie Taylor Greene, considera que el 99% del Congreso estadounidense est\u00e1 comprado por Israel:<br><br>&quot;Cuando el a\u00f1o pasado propuse una enmienda para detener la financiaci\u00f3n a Israel, de los 435 miembros solo cinco votaron conmigo a favor de dejar de enviar dinero de los contribuyentes estadounidenses a Israel. Ah\u00ed tienen el n\u00famero. <br><br>Si quieren saber cu\u00e1ntos miembros del Congreso de ambos partidos dependen completamente de la financiaci\u00f3n de Israel \u2014sin importar lo que hagan, cu\u00e1nto genocidio cometan, cu\u00e1ntas aldeas cristianas en el L\u00edbano destruyan o qu\u00e9 pa\u00eds decidan bombardear\u2014, fueron solo cinco. \u00c9ramos seis en total, incluy\u00e9ndome a m\u00ed. Ah\u00ed tienen el n\u00famero&quot;.<br><br> <a href=\"\/channels\/@nuevo_orden_mundial_canal\" title=\"NUEVO ORDEN MUNDIAL\">@nuevo_orden_mundial_canal<\/a><br><a href=\"tg:\/\/resolve?domain=nuevo_orden_mundial_chat\">@nuevo_orden_mundial_chat<\/a>","text_length":798,"media":{"root":"\/012\/5HgCAGN1KGYAAAAAW_7vgUdWwMY","photo":{"thumbs":{"m":{"w":320,"h":180,"hash":"WqEPG66w4rV3tq84eUW1Rg&ts=1777737924"},"x":{"w":800,"h":450,"hash":"tiuioM47Nj59bJuqBdMVyg&ts=1777737924"},"y":{"w":1080,"h":607,"hash":"9sKiOE2QAwljDcUv_n08OQ&ts=1777737924"},"i":{"bytes":"AXACg|CndOrAKOozn86YY28sMcfSmqjNzUy5kiZAaRSJNMx5x54qzdkhwR29qj0xFjM28dADzTrpgTuUH5hnFJoSJjPvQbgMsAMf596KLcR\/LGQCRzmiloMy1Q4ClsewqSMbVUZoorQklSTajr64\/nUiHfcdeFWiim1oSxsJAuUyxyCRRRRUNFJn\/9k="}}}}},{"channel_id":1713927523,"post_id":162017,"date":1777636724000,"views":"200","comments":"1","text":"<b>\ud83c\uddfa\ud83c\uddf8\u2694\ufe0f\ud83c\udde8\ud83c\uddfa CUBA OBTIENE UNA GRAN VICTORIA CONTRA EL BLOQUEO PETROLERO DE EE.UU.<\/b><br><br>Cuba ahora puede refinar su propio petr\u00f3leo gracias a un avance de la refiner\u00eda de petr\u00f3leo Hermanos D\u00edaz en la ciudad de Santiago de Cuba, que utiliza tecnolog\u00eda de termoconversi\u00f3n desarrollada por el Centro de Investigaci\u00f3n del Petr\u00f3leo y presentada al Consejo Nacional de Innovaci\u00f3n por el Presidente Miguel D\u00edaz-Canel.<br><br>La Habana tiene 20 mil millones de barriles de reservas de petr\u00f3leo, suficientes para abastecer a todo el pa\u00eds durante muchas d\u00e9cadas. A pesar de esto, no pudieron refinarlo.<br><br>Pero ahora han desarrollado su propia tecnolog\u00eda soberana que les permitir\u00eda refinar sus propias reservas de petr\u00f3leo crudo nacional y no tener que depender de comprarlo a pa\u00edses como Venezuela, M\u00e9xico y Rusia\/Uni\u00f3n Sovi\u00e9tica. La isla se ha vuelto esencialmente independiente energ\u00e9ticamente.<br><br><a href=\"\/channels\/@nuevo_orden_mundial_canal\" title=\"NUEVO ORDEN MUNDIAL\">@nuevo_orden_mundial_canal<\/a><br><br><a href=\"tg:\/\/resolve?domain=nuevo_orden_mundial_chat\">@nuevo_orden_mundial_chat<\/a>","text_length":928,"grouped_id":14221093795151385,"media":{"gallery":[{"root":"\/00c\/4XgCAGN1KGYAAAAA2AFZpfb8eGA","photo":{"thumbs":{"m":{"w":320,"h":286,"hash":"pX8QJ1p6XcM-bE2PBfrQsg&ts=1777737924"},"x":{"w":800,"h":714,"hash":"0M63f5gagZXO2DOw16QePQ&ts=1777737924"},"y":{"w":1280,"h":1143,"hash":"t1ChBL5cpAOWJXLhwT-trQ&ts=1777737924"},"i":{"bytes":"AkACg|CrKp3jA6jnNVJFIfHer823hs9QcE1DsEuMDDjnHrUJl1NJFxNNhCDLMWHeqhQwy4PariuqdBgntVS53+cd+ckDr9Ke4mrDJf4sUVE7HFFFiC5LE\/lqpGD70lqBIVjxj5sZqxKiy2Jn3MdxGB\/d5qtZvulXPrRaxpKXM7ll0K30pOCFxgepxmq8pEkmX4q9fTJHB0\/eS9T7VlSSZIFMkR0AOFOaKHPAzRSEWLRmaHyifkLdKUIIpZQufl6Z+ooorSe4LYjuSfOK5yFGBmqvVqKKkZMPmJB6CiiikB\/\/2Q=="}}}},{"root":"\/00b\/4ngCAGN1KGYAAAAAzuOciTaaP8k","photo":{"thumbs":{"m":{"w":213,"h":320,"hash":"2-_7V7hZux3hiVg4z9Eb9w&ts=1777737924"},"x":{"w":533,"h":800,"hash":"UaGuJ_uFht3UjK0WfZxY_Q&ts=1777737924"},"y":{"w":853,"h":1280,"hash":"O0ZOCY2ESOTxzBgA9wnO1g&ts=1777737924"},"i":{"bytes":"AoABs|CG2Dhcpkj69Kux7t+12Jz6rj9aBAh\/5ZqPpT9qQjOcAds0DYpQY4FQmPmnW10kgOSAcnipCRntQBH58aggk5+hqvc3SMfaolAkBbJHPqP8aYYA7dWx+H+NIQ0TqoOwbauJcqUBJANZzKhI2MSPfijDDoRimBIGAUjB69sUblHQNj8KKKloLjGfLe3bikzRRVID\/9k="}}}},{"root":"\/012\/43gCAGN1KGYAAAAAW_7vgUdWwMY","photo":{"thumbs":{"m":{"w":320,"h":168,"hash":"Os8WmVA2gTPdcoHwwMcZHQ&ts=1777737924"},"x":{"w":800,"h":420,"hash":"BW9xtUyVx4-JbAIuh2dIhA&ts=1777737924"},"y":{"w":1200,"h":630,"hash":"zeVUrzZaawK1s0oVCpVqbA&ts=1777737924"},"i":{"bytes":"AVACg|B8MrOoAOM1IyIGHmvlj0wOKoxyrwuD9RSSSEuDhsD1qF5Fuz3NBvLDE4A7daRpIh0Oaz\/POcAnGec1I0jEff8AzQVaZDRYE6nqMUVSMz93A\/4AKKLisIZGkOcKMegpolZhnpRRUlEbSsD2\/KkLGiimIcq7uSaKKKAP\/9k="}}}}]}},{"channel_id":1713927523,"post_id":162016,"date":1777613017000,"views":"150","comments":"1","text":"<b>\ud83c\uddf7\ud83c\uddfa\ud83c\uddfa\ud83c\udde6\ud83d\udca5\ud83d\ude99 <u>Un dron &quot;acechador&quot; ruso destruye un auto de las FFAA ucranianas sin siquiera tocarlo<\/u><\/b><blockquote>El dron se encontraba en una emboscada nocturna en una carretera de un asentamiento ucraniano, esperando a su objetivo.<br><br>El veh\u00edculo de las FFAA de Ucrania se dirig\u00eda directamente hacia \u00e9l a gran velocidad, pero el conductor, al parecer, se percat\u00f3 de la presencia del dron y gir\u00f3 bruscamente para evitar el ataque. Sin embargo, el veh\u00edculo se estrell\u00f3 contra un poste de la l\u00ednea el\u00e9ctrica y se despedaz\u00f3<\/blockquote>\u00danete a <a href=\"\/channels\/@nuevo_orden_mundial_canal\" title=\"NUEVO ORDEN MUNDIAL\">@nuevo_orden_mundial_canal<\/a>","text_length":540,"media":{"root":"\/002\/4HgCAGN1KGYAAAAAWg2XFO50d1w","video":{"duration":16,"w":850,"h":438,"is_animation":false,"is_round":false,"mime_type":"video\/mp4","size":1988904,"thumbs":{"m":{"w":320,"h":165,"hash":"eIJGL5MynI-JznuT8QITPw&ts=1777737924"},"i":{"bytes":"AVACg|DLKEdQaTaTV7zCRgxqfwpI2CZzCGz60AUuaQ5NWuAMbKOAf9WKAK5AABXOe+aKs4jKn5MGigC4UFJjFFFACU1hnrRRQAgQYooooA\/\/2Q=="}},"streamable":true,"televisor_hash":"T0VYcACWwD9p2n_OB9cX-g&ts=1777737924"}}},{"channel_id":1713927523,"post_id":162015,"date":1777612865000,"views":"152","comments":"2","text":"\ud83c\uddf5\ud83c\uddea\ud83c\uddee\ud83c\uddf1<u> El presidente de Per\u00fa, Jos\u00e9 Mar\u00eda Balc\u00e1zar, acusa a &quot;los jud\u00edos&quot; de causar la Segunda Guerra Mundial.<br><br><\/u>\u00danete a <a href=\"\/channels\/@nuevo_orden_mundial_canal\" title=\"NUEVO ORDEN MUNDIAL\">@nuevo_orden_mundial_canal<\/a>","text_length":146,"media":{"root":"\/00c\/33gCAGN1KGYAAAAA2AFZpfb8eGA","video":{"duration":33,"w":1920,"h":1080,"is_animation":false,"is_round":false,"mime_type":"video\/mp4","size":5650751,"thumbs":{"m":{"w":320,"h":180,"hash":"sFmOa3LgpN1XOrMGKLnQtw&ts=1777737924"},"i":{"bytes":"AWACg|ClFCkgPQEep61KLRcnLR8e9Qp0NOrVRIHrbox\/gHuaX7NHx80fNRZGxmzyCOKTqKWhVicqkYGME+3aioCdqiiiyJZEswXOQaBMvoaKKVyg81N2dp65609LoISfLBz6iiikMY8wboMUUUUCP\/\/Z"}},"streamable":true,"televisor_hash":"GficKEZc3-YGOT7dsAUZIw&ts=1777737924"}}},{"channel_id":1713927523,"post_id":162014,"date":1777612761000,"views":"143","comments":"1","text":"\ud83c\uddf7\ud83c\uddfa\ud83c\uddfa\ud83c\uddf8  <u>Medv\u00e9dev arremeti\u00f3 contra EE.UU<\/u><blockquote>El exmandatario ruso declar\u00f3 que un pa\u00eds <b>\u201cque roba presidentes y provoca conflictos\u201d <\/b>no puede ser un mediador efectivo en conversaciones sobre paz en Ucrania<\/blockquote>\u00danete a <a href=\"\/channels\/@nuevo_orden_mundial_canal\" title=\"NUEVO ORDEN MUNDIAL\">@nuevo_orden_mundial_canal<\/a>","text_length":235,"media":{"root":"\/00e\/3ngCAGN1KGYAAAAA8nFwXh1y-pk","video":{"duration":39,"w":1920,"h":1082,"is_animation":false,"is_round":false,"mime_type":"video\/mp4","size":11179593,"thumbs":{"m":{"w":320,"h":180,"hash":"4dal0Zmn4iXruVsriEztWg&ts=1777737924"},"i":{"bytes":"AWACg|DLHynPepreGOSN2c9KhV2Y9vypQ\/pXQ5JrQSGYFPhkWNiXjEgIxg0xuD0oA3HApyaaAsC4HSOIA\/UmimcKNqnHqaKn3R2IATigHBoorEAJz1pQcdKKKADdxiiiigD\/2Q=="}},"streamable":true,"televisor_hash":"fSG46qvlRqPLhCPzd3yrwA&ts=1777737924"}}},{"channel_id":1713927523,"post_id":162012,"date":1777612633000,"views":"51","comments":"1","text":"\ud83c\uddf1\ud83c\udde7\ud83c\uddf1\ud83c\udde7\ud83c\uddee\ud83c\uddf1 <u>Esta ma\u00f1ana, un dron FPV de fibra \u00f3ptica por parte  de Hezbol\u00e1   alcanz\u00f3 un veh\u00edculo blindado israel\u00ed en Shomera, en el norte de Israel.<\/u><blockquote>Doce soldados israel\u00edes resultaron heridos, dos de ellos de forma moderada y diez leve.<\/blockquote>\u00danete a <a href=\"\/channels\/@nuevo_orden_mundial_canal\" title=\"NUEVO ORDEN MUNDIAL\">@nuevo_orden_mundial_canal<\/a>","text_length":273,"grouped_id":14220901064423057,"media":{"root":"\/00b\/3HgCAGN1KGYAAAAAzuOciTaaP8k","photo":{"thumbs":{"m":{"w":270,"h":320,"hash":"A--GHJhxhUxk2r-wSjHA3Q&ts=1777737924"},"x":{"w":676,"h":800,"hash":"cFkAPXVM3rJM7vvqV4l1WA&ts=1777737924"},"y":{"w":1080,"h":1279,"hash":"xwHf3WOXN5xD3DHHehAY1A&ts=1777737924"},"i":{"bytes":"AoACI|CKWBmB29xVQRMG24OfStQ5CnAyaqlJg\/mEY9TWkkRFj7ZCijPFXcgrxUITcgB5OMiplXCgGlHcchMUU\/FFaGZGFqK6kEUYB6k9KrCS4PGXX8zTJFnJBKF\/qDWTnc0UbM1V2MocEcjrTgAehFZsYunGChAA4zxTTDckjGcfUUoysrDlG7uau2iszZc\/3R+Yop84uQvZz0xTJVkONkgHtjr+NFFYmw1PNEmZCCuMYFKxb+9iiigQz95\/fX8jRRRQM\/\/Z"}}}}},{"channel_id":1713927523,"post_id":162011,"date":1777612451000,"views":"216","text":"\ud83d\udcca\ud83d\udee2\ud83d\udcb5<u> El Brent vivi\u00f3 una sacudida brutal en menos de 48 horas: pas\u00f3 de una zona cercana a los 111 d\u00f3lares a un pico de 126,41 y luego retrocedi\u00f3 hasta rondar los 116<\/u><b>.<\/b><blockquote>La fuerte oscilaci\u00f3n qued\u00f3 reflejada tambi\u00e9n en Reuters, que inform\u00f3 que el crudo de referencia lleg\u00f3 a superar los 126 d\u00f3lares antes de caer hacia los 115,98 en medio de una volatilidad extrema ligada al pulso entre EE.UU. e Ir\u00e1n<\/blockquote>\ufeff\u00danete a <a href=\"\/channels\/@nuevo_orden_mundial_canal\" title=\"NUEVO ORDEN MUNDIAL\">@nuevo_orden_mundial_canal<\/a>","text_length":436,"media":{"root":"\/001\/23gCAGN1KGYAAAAAu7StC5JFpCo","photo":{"thumbs":{"m":{"w":234,"h":320,"hash":"dIoKlhmjrYHFp3i4rZ4_Zw&ts=1777737924"},"x":{"w":586,"h":800,"hash":"Hrn0iMDkjR1rZzPVraoMeQ&ts=1777737924"},"y":{"w":937,"h":1280,"hash":"h4gNqroDxKKPO4CN4onU_g&ts=1777737924"},"w":{"w":1206,"h":1647,"hash":"6WVzhp_7XquI_HVYP08Bdg&ts=1777737924"},"i":{"bytes":"AoAB0|DKzTkBZvem09VwMnr2oAOlMNSN1qM9aAFUA9acOtJuo3AZqlYQ49aTzMDG1Dj2zTd\/tSE1IxVC9yfwFDbc8E49xRRQAhFSKsRUFpWU9wEoooA\/\/9k="}}}}},{"channel_id":1713927523,"post_id":162008,"date":1777612358000,"views":"483","comments":"2","text":"\ud83c\uddf2\ud83c\uddf1\u2757\ufe0f\ud83c\uddf3\ud83c\uddea\ud83c\uddf7\ud83c\uddfa <b><u>Funeral del ministro de Defensa maliense en Bamako<\/u><\/b><blockquote>El funeral del ministro de Defensa  se celebr\u00f3 en una base militar cercana a Bamako. Adem\u00e1s del l\u00edder de la junta Assimi Go\u00efta, solo acudieron una delegaci\u00f3n nigerina y una delegaci\u00f3n rusa encabezada<\/blockquote>\u00danete a <a href=\"\/channels\/@nuevo_orden_mundial_canal\" title=\"NUEVO ORDEN MUNDIAL\">@nuevo_orden_mundial_canal<\/a>","text_length":302,"grouped_id":14220898864939689,"media":{"gallery":[{"root":"\/00c\/2HgCAGN1KGYAAAAA2AFZpfb8eGA","photo":{"thumbs":{"m":{"w":320,"h":178,"hash":"GiKjwaI-futfwimqcSsMqA&ts=1777737924"},"x":{"w":800,"h":446,"hash":"E52ROwl6H7KmwmOfAnlrhA&ts=1777737924"},"y":{"w":1080,"h":602,"hash":"zCm416GPEg5kp7chgF3vsQ&ts=1777737924"},"i":{"bytes":"AWACg|DP2rGxHnFT7ClEgP8Ay3b8c0jp5rlwQMnvTxbLuB8wYHbFITaQ3LORtl6+1S2sgjuAXlyoyDgdKtR2hKh0kUZ\/2ala1+T76kjkfLUe0SLSuUbuVZXBSUHA9KKPP\/d7CinvwO9FXcHBonmAEcC4H3flPpTfIb7uRzRRQZyWpZiZkQLxxUu7eCp4z3AooqOSN9jRPQzrtVRtoLEjucCiiiqLuf\/Z"}}}},{"root":"\/00d\/2XgCAGN1KGYAAAAAdLLgGmSFRuA","photo":{"thumbs":{"m":{"w":320,"h":240,"hash":"s3g0wXU0eAWgafRsqppQrA&ts=1777737924"},"x":{"w":800,"h":600,"hash":"B8x-xie-LuXLH2Nmsu4wzw&ts=1777737924"},"y":{"w":1280,"h":960,"hash":"N_Dcn0kyte2upVDcrcy8nA&ts=1777737924"},"i":{"bytes":"AeACg|CBHl2kDtzTorh0YPwT0psLYilIxnAH0qPJ6DJ9xSsIu\/aSEYBj9KrySSbirdfSmEN5zcHBbr+NOnINwx6dOlCiBJb3TRYx0zRUI5PGeT0ooshAOBsC8N1pCoU9xWxikIU9QD+FHMaWMrfz+vWmuFZyxzzzWt5cf9xfypptom6oKOYLGbGFR85OR0orRFrD12UUXDlP\/9k="}}}},{"root":"\/006\/2ngCAGN1KGYAAAAA9NCTbF7hY2I","photo":{"thumbs":{"m":{"w":320,"h":240,"hash":"eHt_Sg-f-URyVNio5gG6fA&ts=1777737924"},"x":{"w":800,"h":600,"hash":"xlZgKW4uNIsKcKlCKHffPA&ts=1777737924"},"y":{"w":1200,"h":900,"hash":"GUw1ZPwS1uwSkQzlMbasnw&ts=1777737924"},"i":{"bytes":"AeACg|ChKQXJQNg+tTW0\/lOuMj14pFC5KjJAp3l+zflStcC1damw2iHA9T1qOLVJsjeAw78YquE3PgqcDrxzUkkWI8iPAB7+lA7F86lEADg85orGk3dR932ooEOaCdWICE47gHBpwimwMxPnv8prVB7UuMClzFWMtIpx\/A4+gqRVuCcYkI\/2uKvkmkyTRzBYzzZygDiitAkjrRSuFj\/\/2Q=="}}}}]}},{"channel_id":1713927523,"post_id":162007,"date":1777612198000,"views":"429","comments":"1","text":"\ud83c\udd95\ud83c\uddf2\ud83c\uddfd<b><u>\u00daLTIMA HORA: EXTRADICI\u00d3N A LOS EE.UU. DE &quot;EL JARDINERO&quot; ES FRENADA\ud83c\uddfa\ud83c\uddf8\ud83c\udd95<br><\/u><br><\/b><blockquote><b>La<\/b> salida de Audias Flores Silva, alias \u201cEl Jardinero\u201d, hacia Estados Unidos qued\u00f3 detenida por orden judicial. Mientras se revisa el caso relacionado con la posible extradici\u00f3n Audias Flores Silva &quot;El Jardinero&quot; l\u00edder de alto nivel del CJNG.<\/blockquote>\u00danete a <a href=\"\/channels\/@nuevo_orden_mundial_canal\" title=\"NUEVO ORDEN MUNDIAL\">@nuevo_orden_mundial_canal<\/a>","text_length":357,"media":{"root":"\/002\/13gCAGN1KGYAAAAAWg2XFO50d1w","photo":{"thumbs":{"m":{"w":320,"h":213,"hash":"NYbKTvEcgCQYxeqIztnpqw&ts=1777737924"},"x":{"w":768,"h":511,"hash":"20Pa5QxOsbJ8AkUtgNCTfw&ts=1777737924"},"i":{"bytes":"AbACg|CF4BEQHbGaj8ovyh3CptQBE7Hd97tTrBMktnrxS6DKohkDqQPvdKbsIlweorZ8oHzD69PyrPvlKy++0A\/5\/KkncppJBIxWAYOCWPT6Cii0j8zOcY\/rRRewrXLV\/GBg465pbJBhsj7pqe8ANu2fWi1Hyyf75piK87sku0YwD2qvLHvfJ5J54qxdf600qqBMnHf+lXayJvdhaQKYzgc5oqzagC3UjueaKzaRabP\/2Q=="}}}}},{"channel_id":1713927523,"post_id":162006,"date":1777612024000,"views":"446","comments":"2","text":"<u>\ud83c\udff4\ud83c\uddf2\ud83c\uddf1|| El Estado Isl\u00e1mico public\u00f3 un extenso art\u00edculo criticando a la rama saheliana de Al Qaeda, JNIM, por su alianza con el FLA, su desprecio por la ley isl\u00e1mica y su actitud de \u201cacercamiento\u201d a la comunidad internacional.<\/u><blockquote>El Estado Isl\u00e1mico critica  al FLA por abogar por la democracia, la autonom\u00eda y el laicismo en lugar del yihadismo global que predica, y se burla de los partidarios de JNIM por haber negado previamente esta alianza y ahora elogiarla.<br><br>No se menciona ning\u00fan avance operativo del EI-Sahel, ni en la ciudad de Menaka, ni en Labbezanga, ni en ning\u00fan otro lugar<\/blockquote>\u00danete a <a href=\"\/channels\/@nuevo_orden_mundial_canal\" title=\"NUEVO ORDEN MUNDIAL\">@nuevo_orden_mundial_canal<\/a>","text_length":621,"media":{"root":"\/002\/1ngCAGN1KGYAAAAAWg2XFO50d1w","photo":{"thumbs":{"m":{"w":320,"h":161,"hash":"u1ogVAb2YIHsrv-_pQ8Sdg&ts=1777737924"},"x":{"w":800,"h":403,"hash":"wMLMaWj5S99dOKpULo8e4Q&ts=1777737924"},"y":{"w":1116,"h":562,"hash":"FX5d1Hh6wdvIUoytSr82Aw&ts=1777737924"},"i":{"bytes":"AUACg|Czc3ckVwyrjAx1z6VENRlLY+TI9qW8jleeQKjEEjB2n0qNraXA4J29Pl60xEv2+X\/YpBdSuCQoI\/GqkkMgkJZSA3Tip7YESdDjHQA0wLFrdSSTqhAwc+vpRRaDFyQYWUc4JWikxl5qSiikBT1D\/Vp9aisT++f\/AHf6iiin0Avp94UUUUgP\/9k="}}}}}]